{"id":84202,"date":"2026-04-29T10:17:16","date_gmt":"2026-04-29T14:17:16","guid":{"rendered":"https:\/\/www.nosm.ca\/?p=84202"},"modified":"2026-04-29T10:19:51","modified_gmt":"2026-04-29T14:19:51","slug":"dr-florence-morriello-appointed-program-director-internal-medicine","status":"publish","type":"post","link":"https:\/\/www.nosm.ca\/fr\/2026\/04\/29\/dr-florence-morriello-appointed-program-director-internal-medicine\/","title":{"rendered":"Nomination de la Dre Florence Morriello \u00e0 la direction du programme de m\u00e9decine interne"},"content":{"rendered":"<p><span data-contrast=\"auto\">L\u2019Universit\u00e9 de l&rsquo;EMNO a le plaisir d\u2019annoncer la nomination de la D<\/span><span data-contrast=\"auto\">re<\/span> <span data-contrast=\"none\">Florence Morriello \u00e0 la t\u00eate du programme de m\u00e9decine interne \u00e0 compter du 1<\/span><span data-contrast=\"none\">er<\/span><span data-contrast=\"none\"> mai 2026.<\/span> <span data-ccp-props=\"{&quot;134233117&quot;:false,&quot;134233118&quot;:false,&quot;201341983&quot;:0,&quot;335551550&quot;:0,&quot;335551620&quot;:0,&quot;335559738&quot;:240,&quot;335559739&quot;:240,&quot;335559740&quot;:278}\">\u00a0<\/span><\/p>\n<p><span data-contrast=\"auto\">La D<\/span><span data-contrast=\"auto\">re<\/span><span data-contrast=\"auto\"> Morriello poss\u00e8de une vaste exp\u00e9rience en clinique et en direction de l&rsquo;enseignement, surtout en formation m\u00e9dicale r\u00e9gionalis\u00e9e et en formation des r\u00e9sidents pour exercer dans le Nord et les r\u00e9gions rurales. \u00c0 titre de coordonnatrice des \u00e9tudes, elle a dirig\u00e9 des initiatives cl\u00e9s dans la formation fond\u00e9e sur les comp\u00e9tences, l\u2019\u00e9chographie au point de service et le perfectionnement professionnel du corps professoral. Ses fonctions ont inclus responsable de la ma\u00eetrise de la discipline et co-directrice de site. \u00a0<\/span><span data-ccp-props=\"{&quot;134233117&quot;:false,&quot;134233118&quot;:false,&quot;201341983&quot;:0,&quot;335551550&quot;:0,&quot;335551620&quot;:0,&quot;335559738&quot;:240,&quot;335559739&quot;:240,&quot;335559740&quot;:278}\">\u00a0<\/span><\/p>\n<p><span data-contrast=\"auto\">L\u2019Universit\u00e9 de l&rsquo;EMNO remercie la D<\/span><span data-contrast=\"auto\">re<\/span> <span data-contrast=\"none\">Sandra Cameron,<\/span><span data-contrast=\"auto\"> directrice sortante du programme, pour ses contributions.<\/span><span data-ccp-props=\"{&quot;134233117&quot;:false,&quot;134233118&quot;:false,&quot;201341983&quot;:0,&quot;335551550&quot;:0,&quot;335551620&quot;:0,&quot;335559738&quot;:240,&quot;335559739&quot;:240,&quot;335559740&quot;:278}\">\u00a0<\/span><\/p>","protected":false},"excerpt":{"rendered":"<p>L\u2019Universit\u00e9 de l&rsquo;EMNO a le plaisir d\u2019annoncer la nomination de la Dre Florence Morriello \u00e0 la t\u00eate du programme de m\u00e9decine interne \u00e0 compter du 1er mai 2026. \u00a0 La Dre Morriello poss\u00e8de une vaste exp\u00e9rience en clinique et en direction de l&rsquo;enseignement, surtout en formation m\u00e9dicale r\u00e9gionalis\u00e9e et en formation des r\u00e9sidents pour exercer &hellip; <a href=\"https:\/\/www.nosm.ca\/fr\/2026\/04\/29\/dr-florence-morriello-appointed-program-director-internal-medicine\/\" class=\"more-link\">Continue reading <span class=\"screen-reader-text\">Nomination de la Dre Florence Morriello \u00e0 la direction du programme de m\u00e9decine interne<\/span> <span class=\"meta-nav\">&rarr;<\/span><\/a><\/p>\n","protected":false},"author":277,"featured_media":0,"comment_status":"closed","ping_status":"closed","sticky":false,"template":"","format":"standard","meta":{"_acf_changed":false,"footnotes":""},"categories":[16,1],"tags":[],"class_list":["post-84202","post","type-post","status-publish","format-standard","hentry","category-spotlight","category-uncategorized"],"acf":[],"_links":{"self":[{"href":"https:\/\/www.nosm.ca\/fr\/wp-json\/wp\/v2\/posts\/84202","targetHints":{"allow":["GET"]}}],"collection":[{"href":"https:\/\/www.nosm.ca\/fr\/wp-json\/wp\/v2\/posts"}],"about":[{"href":"https:\/\/www.nosm.ca\/fr\/wp-json\/wp\/v2\/types\/post"}],"author":[{"embeddable":true,"href":"https:\/\/www.nosm.ca\/fr\/wp-json\/wp\/v2\/users\/277"}],"replies":[{"embeddable":true,"href":"https:\/\/www.nosm.ca\/fr\/wp-json\/wp\/v2\/comments?post=84202"}],"version-history":[{"count":3,"href":"https:\/\/www.nosm.ca\/fr\/wp-json\/wp\/v2\/posts\/84202\/revisions"}],"predecessor-version":[{"id":84251,"href":"https:\/\/www.nosm.ca\/fr\/wp-json\/wp\/v2\/posts\/84202\/revisions\/84251"}],"wp:attachment":[{"href":"https:\/\/www.nosm.ca\/fr\/wp-json\/wp\/v2\/media?parent=84202"}],"wp:term":[{"taxonomy":"category","embeddable":true,"href":"https:\/\/www.nosm.ca\/fr\/wp-json\/wp\/v2\/categories?post=84202"},{"taxonomy":"post_tag","embeddable":true,"href":"https:\/\/www.nosm.ca\/fr\/wp-json\/wp\/v2\/tags?post=84202"}],"curies":[{"name":"wp","href":"https:\/\/api.w.org\/{rel}","templated":true}]}}