{"id":76477,"date":"2025-02-26T10:58:22","date_gmt":"2025-02-26T15:58:22","guid":{"rendered":"https:\/\/www.nosm.ca\/?p=76477"},"modified":"2025-02-26T10:58:22","modified_gmt":"2025-02-26T15:58:22","slug":"presidents-lecture-series-health-equity-improving-care-for-indigenous-children","status":"publish","type":"post","link":"https:\/\/www.nosm.ca\/fr\/2025\/02\/26\/presidents-lecture-series-health-equity-improving-care-for-indigenous-children\/","title":{"rendered":"S\u00e9rie de conf\u00e9rences du recteur &#8211; \u00c9quit\u00e9 en sant\u00e9 : am\u00e9liorer les soins pour les enfants autochtones"},"content":{"rendered":"<p>L\u2019Universit\u00e9 de l&rsquo;EMNO a lanc\u00e9 sa cinqui\u00e8me S\u00e9rie de conf\u00e9rences du recteur le 4 f\u00e9vrier 2025. Cette initiative \u00e9tudiante qui avait pour th\u00e8me \u00ab\u00a0\u00c9quit\u00e9 en sant\u00e9\u00a0: am\u00e9liorer les soins pour les enfants autochtones\u00a0\u00bb a soulign\u00e9 l\u2019importance d\u2019am\u00e9liorer les exp\u00e9riences et les perspectives des Autochtones tout en mettant de l\u2019avant le travail continu de membres de la communaut\u00e9. Ce fut un honneur d&rsquo;avoir la chanceli\u00e8re de l&rsquo;Universit\u00e9, Mme Cindy Blackstock, Ph.D., comme conf\u00e9renci\u00e8re principale, qui a partag\u00e9 des r\u00e9flexions sur sa carri\u00e8re prolifique et sur les 20 ans qui se sont \u00e9coul\u00e9s depuis le d\u00e9c\u00e8s tragique de Jordan River Anderson. L&rsquo;histoire de Jordan a d\u00e9clench\u00e9 un mouvement de plusieurs d\u00e9cennies pour d\u00e9fendre les droits des enfants autochtones.<\/p>\n<p>Mme Blackstock a mis en lumi\u00e8re certains de ses travaux au sein de la Soci\u00e9t\u00e9 de soutien \u00e0 l&rsquo;enfance et \u00e0 la famille des Premi\u00e8res Nations du Canada (la Soci\u00e9t\u00e9 de soutien) pour d\u00e9fendre la cause des enfants autochtones dans les syst\u00e8mes de sant\u00e9, d&rsquo;aide sociale et de justice du Canada. Elle a notamment particip\u00e9 \u00e0 l&rsquo;action collective historique intent\u00e9e contre le gouvernement du Canada pour ses politiques discriminatoires \u00e0 l&rsquo;\u00e9gard des familles autochtones en mati\u00e8re d&rsquo;acc\u00e8s aux services, aux produits et au soutien et rappel\u00e9 \u00e0 l\u2019auditoire que \u00ab\u00a0il co\u00fbte cher de faire ce qu&rsquo;il ne faut pas\u00a0\u00bb.<\/p>\n<p>En partageant ses connaissances inestimables sur les droits de l&rsquo;enfant, l&rsquo;acc\u00e8s aux soins pour les enfants autochtones et le principe de Jordan, Mme Blackstock a encourag\u00e9 l\u2019auditoire \u00e0 participer \u00e0 la Journ\u00e9e de l\u2019ours t\u00e9moin le 10 mai tout en continuant de d\u00e9fendre les droits des enfants et en rappelant \u00e0 notre gouvernement d&rsquo;honorer le Principe de Jordan au moyen de campagnes postales. Elle a exhort\u00e9 les m\u00e9decins en formation, lorsqu&rsquo;ils formulent des recommandations pour leurs patients p\u00e9diatriques et autres, \u00e0 le faire dans l\u2019optique de la grande qualit\u00e9 qui prend en compte la personne dans son ensemble et ses besoins individuels.<\/p>\n<p>Katie Root et Jyles Copenace ont mis en lumi\u00e8re une partie du travail inspirant du Kenora Chiefs Advisory, effectu\u00e9 par l\u2019entremise du KCA Youth and Family Wellness Camp, qui offre \u00e0 des jeunes de la r\u00e9gion de Kenora l\u2019occasion de participer \u00e0 des activit\u00e9s \u00e9ducatives, culturelles et r\u00e9cr\u00e9atives fond\u00e9es sur le territoire. Ce camp leur offre en outre la possibilit\u00e9 d\u2019\u00e9tablir des liens avec leur communaut\u00e9, leur culture et leur territoire et leur donne un sentiment d&rsquo;appartenance et d\u2019avoir un but dans la vie.<\/p>\n<p>La D<sup>re<\/sup> Erin Peltier, professeure adjointe et dipl\u00f4m\u00e9e, a cl\u00f4tur\u00e9 la soir\u00e9e. En exposant son exp\u00e9rience dans des communaut\u00e9s autochtones, elle a soulign\u00e9 que les patients autochtones vivant en milieu urbain ou rural rencontrent souvent des difficult\u00e9s diff\u00e9rentes lorsqu&rsquo;il s&rsquo;agit d&rsquo;acc\u00e9der aux soins de sant\u00e9 et aux services communautaires. Elle a soulign\u00e9 l&rsquo;importance des d\u00e9terminants sociaux de la sant\u00e9\u00a0: le bien-\u00eatre spirituel, \u00e9motionnel, physique et mental doit \u00eatre pris en compte dans les approches des soins de sant\u00e9.<\/p>\n<p>Chaque pr\u00e9sentation a rappel\u00e9 \u00e0 l\u2019auditoire que les fournisseurs de soins de sant\u00e9 doivent continuer \u00e0 concevoir des solutions qui prennent en compte le bien-\u00eatre social, spirituel et culturel de la personne, et pas seulement l&rsquo;aspect m\u00e9dical. L&rsquo;\u00e9v\u00e9nement a \u00e9galement rendu hommage \u00e0 Jordan River Anderson, dont le d\u00e9c\u00e8s tragique a conduit \u00e0 l&rsquo;\u00e9tablissement de la r\u00e8gle juridique du Principe de Jordan, qui en est maintenant \u00e0 sa 20<sup>e<\/sup> ann\u00e9e d&rsquo;existence.<\/p>\n<p>Au fil de leur travail inlassable dans des communaut\u00e9s autochtones canadiennes, le groupe d\u2019experts invit\u00e9s \u00e0 cet \u00e9v\u00e9nement continuent d&rsquo;attirer l&rsquo;attention sur les iniquit\u00e9s qui existent dans les syst\u00e8mes de soins de sant\u00e9 et de protection de l&rsquo;enfance.\u00a0 Si vous n&rsquo;avez pas pu assister \u00e0 la conf\u00e9rence, vous pouvez voir l&rsquo;enregistrement \u00e0 <a href=\"https:\/\/www.youtube.com\/live\/dJQ-8id2ygM?feature=shared\">YouTube@nosmtv<\/a>.<\/p>","protected":false},"excerpt":{"rendered":"<p>L\u2019Universit\u00e9 de l&rsquo;EMNO a lanc\u00e9 sa cinqui\u00e8me S\u00e9rie de conf\u00e9rences du recteur le 4 f\u00e9vrier 2025. Cette initiative \u00e9tudiante qui avait pour th\u00e8me \u00ab\u00a0\u00c9quit\u00e9 en sant\u00e9\u00a0: am\u00e9liorer les soins pour les enfants autochtones\u00a0\u00bb a soulign\u00e9 l\u2019importance d\u2019am\u00e9liorer les exp\u00e9riences et les perspectives des Autochtones tout en mettant de l\u2019avant le travail continu de membres de &hellip; <a href=\"https:\/\/www.nosm.ca\/fr\/2025\/02\/26\/presidents-lecture-series-health-equity-improving-care-for-indigenous-children\/\" class=\"more-link\">Continue reading <span class=\"screen-reader-text\">S\u00e9rie de conf\u00e9rences du recteur &#8211; \u00c9quit\u00e9 en sant\u00e9 : am\u00e9liorer les soins pour les enfants autochtones<\/span> <span class=\"meta-nav\">&rarr;<\/span><\/a><\/p>\n","protected":false},"author":288,"featured_media":0,"comment_status":"closed","ping_status":"closed","sticky":false,"template":"","format":"standard","meta":{"_acf_changed":false,"footnotes":""},"categories":[16],"tags":[196],"class_list":["post-76477","post","type-post","status-publish","format-standard","hentry","category-spotlight","tag-indigenous-health"],"acf":[],"_links":{"self":[{"href":"https:\/\/www.nosm.ca\/fr\/wp-json\/wp\/v2\/posts\/76477","targetHints":{"allow":["GET"]}}],"collection":[{"href":"https:\/\/www.nosm.ca\/fr\/wp-json\/wp\/v2\/posts"}],"about":[{"href":"https:\/\/www.nosm.ca\/fr\/wp-json\/wp\/v2\/types\/post"}],"author":[{"embeddable":true,"href":"https:\/\/www.nosm.ca\/fr\/wp-json\/wp\/v2\/users\/288"}],"replies":[{"embeddable":true,"href":"https:\/\/www.nosm.ca\/fr\/wp-json\/wp\/v2\/comments?post=76477"}],"version-history":[{"count":4,"href":"https:\/\/www.nosm.ca\/fr\/wp-json\/wp\/v2\/posts\/76477\/revisions"}],"predecessor-version":[{"id":76557,"href":"https:\/\/www.nosm.ca\/fr\/wp-json\/wp\/v2\/posts\/76477\/revisions\/76557"}],"wp:attachment":[{"href":"https:\/\/www.nosm.ca\/fr\/wp-json\/wp\/v2\/media?parent=76477"}],"wp:term":[{"taxonomy":"category","embeddable":true,"href":"https:\/\/www.nosm.ca\/fr\/wp-json\/wp\/v2\/categories?post=76477"},{"taxonomy":"post_tag","embeddable":true,"href":"https:\/\/www.nosm.ca\/fr\/wp-json\/wp\/v2\/tags?post=76477"}],"curies":[{"name":"wp","href":"https:\/\/api.w.org\/{rel}","templated":true}]}}