{"id":76389,"date":"2025-02-20T08:08:16","date_gmt":"2025-02-20T13:08:16","guid":{"rendered":"https:\/\/www.nosm.ca\/?p=76389"},"modified":"2025-02-20T08:08:16","modified_gmt":"2025-02-20T13:08:16","slug":"empowering-health-equity","status":"publish","type":"post","link":"https:\/\/www.nosm.ca\/fr\/2025\/02\/20\/empowering-health-equity\/","title":{"rendered":"Renforcer l\u2019\u00e9quit\u00e9 en sant\u00e9"},"content":{"rendered":"<p>Comme beaucoup d&rsquo;entre vous le savent peut-\u00eatre, la m\u00e9decine rurale et en r\u00e9gion \u00e9loign\u00e9e occupe une place particuli\u00e8re dans mon c\u0153ur. Pendant les huit ann\u00e9es o\u00f9 j&rsquo;ai \u00e9t\u00e9 m\u00e9decin de famille \u00e0 Moose Factory et \u00e0 Kashechewan, j&rsquo;ai constat\u00e9 moi-m\u00eame comment les communaut\u00e9s de la c\u00f4te de la baie James interagissaient avec les soins de sant\u00e9, et les profonds effets humains des barri\u00e8res \u00e9conomiques et sociales dans certaines des r\u00e9gions les plus isol\u00e9es du Nord de l&rsquo;Ontario.<\/p>\n<p>J&rsquo;ai eu le grand honneur de soigner de nombreuses familles qui ont \u00e9lu domicile \u00e0 Kashechewan et dans la Premi\u00e8re Nation de Moose Factory. Il est difficile de voir ces m\u00eames familles, qui m&rsquo;ont accueilli avec enthousiasme dans leurs communaut\u00e9s, endurer des probl\u00e8mes syst\u00e9miques de longue date, comme l&rsquo;instabilit\u00e9 alimentaire chronique, la p\u00e9nurie de logements, les risques environnementaux, l&rsquo;isolement, la disparit\u00e9 \u00e9conomique, l&rsquo;eau non potable et l&rsquo;acc\u00e8s r\u00e9duit \u00e0 l&rsquo;\u00e9ducation et aux services de soins de sant\u00e9 complets.<\/p>\n<p>Le plus difficile a \u00e9t\u00e9 de constater comment ces in\u00e9galit\u00e9s ont fa\u00e7onn\u00e9 la vie des enfants dans les communaut\u00e9s rurales et isol\u00e9es. Les enfants, qui sont cens\u00e9s profiter des joies de leur jeunesse, sont plut\u00f4t confront\u00e9s \u00e0 l&rsquo;anxi\u00e9t\u00e9 de devoir \u00e9vacuer leur maison, de manquer des semaines d&rsquo;\u00e9ducation en raison de la fermeture des \u00e9coles, de vivre avec la pr\u00e9sence imminente d&rsquo;avis de faire bouillir l&rsquo;eau et d&rsquo;avoir \u00e0 g\u00e9rer les incidences profondes de ces \u00e9preuves, qu\u2019aggrave le fardeau mental que repr\u00e9sente la vie dans une r\u00e9gion isol\u00e9e de la province.<\/p>\n<p>C&rsquo;est pourquoi le choix du Conseil \u00e9tudiant de l&rsquo;Universit\u00e9 de l&rsquo;EMNO, \u00ab\u00a0L\u2019\u00e9quit\u00e9 en sant\u00e9 : Am\u00e9liorer les soins aux enfants autochtones\u00a0\u00bb comme th\u00e8me de la s\u00e9rie de conf\u00e9rences du recteur de cette ann\u00e9e m\u2019a fait chaud au c\u0153ur. Ce sujet me tient profond\u00e9ment \u00e0 c\u0153ur et je pense que les discussions sur les iniquit\u00e9s en mati\u00e8re de soins de sant\u00e9 dans les communaut\u00e9s autochtones, en particulier en ce qui concerne les enfants, sont dues depuis longtemps. C\u2019est un privil\u00e8ge de contribuer \u00e0 l&rsquo;organisation d&rsquo;un \u00e9v\u00e9nement qui met en lumi\u00e8re des questions aussi cruciales.<\/p>\n<p>L&rsquo;enregistrement de la S\u00e9rie de conf\u00e9rences du recteur se trouve sur\u00a0<a href=\"https:\/\/www.youtube.com\/watch?v=dJQ-8id2ygM&amp;t=4565s\">YouTube@nosmtv<\/a>\u00a0et comprend des pr\u00e9sentations de Cindy Blackstock, Ph.D., d\u00e9fenseur des droits des enfants et chanceli\u00e8re de l&rsquo;Universit\u00e9 de l&rsquo;EMNO, de Jyles Copenace et de Katie Root, du Kenora Chief&rsquo;s Advisory, qui exploitent un camp de bien-\u00eatre pour les jeunes et les familles, et de la D<sup>re<\/sup>\u00a0Erin Peltier, m\u00e9decin dans le Nord de l&rsquo;Ontario, professeure adjointe et dipl\u00f4m\u00e9e de l&rsquo;Universit\u00e9 de l&rsquo;EMNO, qui a\u00a0\u00a0collabor\u00e9 \u00e9troitement avec les populations autochtones urbaines et rurales de l&rsquo;Ontario.<\/p>\n<p>Mme Blackstock a parl\u00e9 de son travail avec la Soci\u00e9t\u00e9 de soutien \u00e0 l&rsquo;enfance et \u00e0 la famille des Premi\u00e8res Nations du Canada (Soci\u00e9t\u00e9 de soutien) et de tout ce qu&rsquo;elle fait pour perp\u00e9tuer l&rsquo;h\u00e9ritage de Jordan River Anderson. Le d\u00e9c\u00e8s de Jordan, il y a 20 ans, a galvanis\u00e9 un mouvement de plusieurs d\u00e9cennies visant \u00e0 rem\u00e9dier aux iniquit\u00e9s en mati\u00e8re de soins de sant\u00e9 et de services sociaux pour les jeunes Autochtones. Membre ch\u00e9ri de la Nation crie de Norway House, Jordan est n\u00e9 avec de multiples handicaps qui n\u00e9cessitaient des soins et des traitements sp\u00e9cialis\u00e9s.<\/p>\n<p>Apr\u00e8s avoir pass\u00e9 plus de deux ans \u00e0 l&rsquo;h\u00f4pital pendant que la province du Manitoba et le gouvernement f\u00e9d\u00e9ral se querellaient pour savoir qui serait responsable de ses soins \u00e0 domicile, Jordan est d\u00e9c\u00e9d\u00e9 avant d&rsquo;avoir pu vivre dans sa propre maison. En 2005, le\u00a0<em>Principe de Jordan<\/em>\u00a0a \u00e9t\u00e9 \u00e9tabli pour garantir que les enfants des Premi\u00e8res Nations re\u00e7oivent les services et le soutien dont ils ont besoin sans que des conflits de comp\u00e9tence ne retardent les soins. En vertu de cette r\u00e8gle, l&rsquo;accent est mis sur la fourniture des soins essentiels en premier lieu, les responsabilit\u00e9s en mati\u00e8re de financement \u00e9tant d\u00e9termin\u00e9es ult\u00e9rieurement.<\/p>\n<p>L&rsquo;un des moments les plus \u00e9mouvants de l&rsquo;\u00e9v\u00e9nement s&rsquo;est produit pendant la pr\u00e9sentation de Mme\u00a0Blackstock, lorsqu&rsquo;elle a montr\u00e9 la couverture de b\u00e9b\u00e9 de Jordan River Anderson. Ce fut un rappel douloureux que le\u00a0<em>Principe de Jordan<\/em>\u00a0n&rsquo;est pas seulement un principe juridique destin\u00e9 \u00e0 combler les lacunes des services financ\u00e9s par le gouvernement, mais aussi l&rsquo;h\u00e9ritage d&rsquo;un vrai petit gar\u00e7on. La famille de Jordan a fait don de la couverture, qui sera conserv\u00e9e en fiducie par la Soci\u00e9t\u00e9 de soutien. Des membres de sa famille ont tendrement cousu le nom et la date de naissance de Jordan au centre de la courtepointe dont chaque coin est orn\u00e9 de l&rsquo;image d&rsquo;un ours en peluche. C&rsquo;est cette couverture qui a inspir\u00e9 l&rsquo;adoption de l&rsquo;ours en peluche comme symbole du\u00a0<em>Principe de Jordan<\/em>.<\/p>\n<p>Lorsque des dirigeants communautaires, des m\u00e9decins en formation, des militants, des chercheurs et des professionnels de la sant\u00e9 se r\u00e9unissent pour discuter de questions complexes, telles que l&rsquo;\u00e9quit\u00e9 en sant\u00e9 et le traitement des populations autochtones dans les services sociaux et les \u00e9tablissements de soins, nous nous rapprochons de la mise en place d&rsquo;un syst\u00e8me qui respecte la dignit\u00e9, l&rsquo;\u00e9quit\u00e9 et le respect pour tous.<\/p>\n<p>Je suis profond\u00e9ment reconnaissant au groupe d&rsquo;experts qui, par son travail inlassable au sein des communaut\u00e9s autochtones canadiennes, continue d&rsquo;attirer l&rsquo;attention sur les iniquit\u00e9s qui existent dans les syst\u00e8mes de soins de sant\u00e9 et de bien-\u00eatre de l&rsquo;enfance. Chi miigwetch, un remerciement sinc\u00e8re au Conseil \u00e9tudiant de l&rsquo;Universit\u00e9 de l&rsquo;EMNO pour son r\u00f4le dans l&rsquo;organisation de la S\u00e9rie de conf\u00e9rences du recteur et pour le choix du th\u00e8me de cette ann\u00e9e.<\/p>\n<p>Pour l&rsquo;Universit\u00e9 de l&rsquo;EMNO, le renforcement de l&rsquo;\u00e9quit\u00e9 en sant\u00e9 est essentielle pour \u00e9difier un syst\u00e8me de sant\u00e9 plus juste et plus inclusif. En encourageant les conversations, en partageant les exp\u00e9riences et en commandant des changements importants, nous pouvons pr\u00e9parer un avenir o\u00f9 chaque personne b\u00e9n\u00e9ficiera d&rsquo;un acc\u00e8s \u00e9quitable aux soins.<\/p>\n<p>L&rsquo;Universit\u00e9 de l&rsquo;EMNO se fait depuis longtemps un devoir de rem\u00e9dier aux iniquit\u00e9s syst\u00e9miques, en s&rsquo;attachant \u00e0 soutenir les groupes sous-repr\u00e9sent\u00e9s dans les \u00e9tudes m\u00e9dicales, en proposant des volets distincts pour les populations \u00e9tudiantes autochtone et francophone et, depuis cette ann\u00e9e, un volet d&rsquo;admission r\u00e9serv\u00e9e aux\u00a0<a href=\"https:\/\/www.nosm.ca\/fr\/nosm-university-admissions-learner-recruitment\/ume-program-md-degree-admissions\/admission-streams\/black-admission-stream\/\">personnes noires<\/a>.<\/p>\n<p>Cette initiative s&rsquo;appuie sur les ant\u00e9c\u00e9dents de l&rsquo;Universit\u00e9 de l&rsquo;EMNO en mati\u00e8re de soutien aux groupes m\u00e9ritant l&rsquo;\u00e9quit\u00e9 qui l\u2019a conduite \u00e0 proposer syst\u00e9matiquement des volets d&rsquo;admission pour les populations autochtone et francophone. Ce nouveau volet repr\u00e9sente un engagement \u00e0 accro\u00eetre la repr\u00e9sentation et \u00e0 \u00e9liminer les obstacles pour les \u00e9tudiants noirs qui visent une carri\u00e8re en m\u00e9decine. En cr\u00e9ant ce volet, l&rsquo;Universit\u00e9 de l&rsquo;EMNO s&rsquo;efforce activement de faire en sorte que son environnement de formation en m\u00e9decine refl\u00e8te la diversit\u00e9 des communaut\u00e9s du Nord de l&rsquo;Ontario.<\/p>\n<p><strong>D<sup>r<\/sup>\u00a0Michael Green<\/strong><br \/>\nRecteur, vice-chancelier, doyen et PDG<br \/>\nUniversit\u00e9 de l&rsquo;EMNO<\/p>\n<p>Si vous avez des commentaires, envoyez-les \u00e0\u00a0<a href=\"mailto:president@nosm.ca\" target=\"_blank\" rel=\"noopener\">president@nosm.ca<\/a>\u00a0et suivez-moi sur X (anciennement Twitter) <strong>@DrMichaelGreen1<\/strong>.<\/p>\n<p><a class=\"mcnButton \" title=\"Abonnez-vous \u00e0 Routes du nord\" href=\"https:\/\/nosm.us3.list-manage.com\/subscribe?u=fc05ca9673eac8567682496b2&amp;id=5d99dee86f\" target=\"_blank\" rel=\"noopener\">Abonnez-vous \u00e0 Routes du nord<\/a><\/p>\n<hr \/>\n<h3 class=\"null\">Le tournoi de hockey \u00ab Amenez un m\u00e9decin chez nous \u00bb rapporte gros<\/h3>\n<p><a href=\"https:\/\/www.nosm.ca\/wp-content\/uploads\/2025\/02\/IMG_0080-scaled.jpeg\"><img loading=\"lazy\" decoding=\"async\" class=\"alignleft size-medium wp-image-76330\" src=\"https:\/\/www.nosm.ca\/wp-content\/uploads\/2025\/02\/IMG_0080-300x225.jpeg\" alt=\"\" width=\"300\" height=\"225\" srcset=\"https:\/\/www.nosm.ca\/wp-content\/uploads\/2025\/02\/IMG_0080-300x225.jpeg 300w, https:\/\/www.nosm.ca\/wp-content\/uploads\/2025\/02\/IMG_0080-1024x768.jpeg 1024w, https:\/\/www.nosm.ca\/wp-content\/uploads\/2025\/02\/IMG_0080-150x113.jpeg 150w, https:\/\/www.nosm.ca\/wp-content\/uploads\/2025\/02\/IMG_0080-768x576.jpeg 768w, https:\/\/www.nosm.ca\/wp-content\/uploads\/2025\/02\/IMG_0080-1536x1152.jpeg 1536w, https:\/\/www.nosm.ca\/wp-content\/uploads\/2025\/02\/IMG_0080-2048x1536.jpeg 2048w\" sizes=\"auto, (max-width: 300px) 100vw, 300px\" \/><\/a>Entre le 20 et le 25 janvier 2025, le 19<sup>e<\/sup>\u00a0tournoi annuel de hockey <a href=\"https:\/\/www.nosm.ca\/fr\/2025\/02\/14\/bring-a-doctor-home-hockey-tournament-scores-big\/\" target=\"_blank\" rel=\"noopener\">\u00ab Amenez un m\u00e9decin chez nous \u00bb<\/a> a regroup\u00e9 28 \u00e9quipes \u00e0 la John Rhodes Arena \u00e0 Sault Ste. Marie (Ontario). Des employ\u00e9s et des retrait\u00e9s b\u00e9n\u00e9voles de Algoma Steel sont venus dans le but commun de recueillir des fonds pour les futurs m\u00e9decins de la r\u00e9gion d\u2019Algoma. Avec le total incroyable de 520 652,79 $ mobilis\u00e9s depuis la cr\u00e9ation du tournoi, l\u2019effet et l\u2019engagement communautaire continuent de grandir. La Bourse Amenez un m\u00e9decin chez nous a attribu\u00e9 plus de 130 000 $ \u00e0 27 \u00e9tudiantes et \u00e9tudiants depuis 2006, et contribu\u00e9 \u00e0 att\u00e9nuer les iniquit\u00e9s financi\u00e8res qui touchent disproportionnellement la population \u00e9tudiante du Nord.<\/p>\n<hr \/>\n<h3 class=\"null\">Invitations\u00a0: C\u00e9l\u00e9bration des accomplissements de l&rsquo;Universit\u00e9 de l&rsquo;EMNO<\/h3>\n<p><a href=\"https:\/\/www.nosm.ca\/wp-content\/uploads\/2025\/02\/NOSM-U-Achievement-Celebration-2025-Invite_FR.jpg\"><img loading=\"lazy\" decoding=\"async\" class=\"alignleft size-medium wp-image-76395\" src=\"https:\/\/www.nosm.ca\/wp-content\/uploads\/2025\/02\/NOSM-U-Achievement-Celebration-2025-Invite_FR-200x300.jpg\" alt=\"\" width=\"200\" height=\"300\" srcset=\"https:\/\/www.nosm.ca\/wp-content\/uploads\/2025\/02\/NOSM-U-Achievement-Celebration-2025-Invite_FR-200x300.jpg 200w, https:\/\/www.nosm.ca\/wp-content\/uploads\/2025\/02\/NOSM-U-Achievement-Celebration-2025-Invite_FR-683x1024.jpg 683w, https:\/\/www.nosm.ca\/wp-content\/uploads\/2025\/02\/NOSM-U-Achievement-Celebration-2025-Invite_FR-100x150.jpg 100w, https:\/\/www.nosm.ca\/wp-content\/uploads\/2025\/02\/NOSM-U-Achievement-Celebration-2025-Invite_FR-768x1152.jpg 768w, https:\/\/www.nosm.ca\/wp-content\/uploads\/2025\/02\/NOSM-U-Achievement-Celebration-2025-Invite_FR-1024x1536.jpg 1024w, https:\/\/www.nosm.ca\/wp-content\/uploads\/2025\/02\/NOSM-U-Achievement-Celebration-2025-Invite_FR.jpg 1200w\" sizes=\"auto, (max-width: 200px) 100vw, 200px\" \/><\/a>Les r\u00e9alisations de nos coll\u00e8gues de l&rsquo;Universit\u00e9 de l&rsquo;EMNO en 2025 (et au cours des 20 derni\u00e8res ann\u00e9es) sont c\u00e9l\u00e9br\u00e9es dans le cadre de <a href=\"https:\/\/event.fourwaves.com\/ncc2025\/pages\" target=\"_blank\" rel=\"noopener\">Constellations du Nord et de Connexions du Nord<\/a>. Pour souligner les contributions extraordinaires des dipl\u00f4m\u00e9es et dipl\u00f4m\u00e9s, du corps professoral, du personnel et de la population \u00e9tudiante, <a href=\"https:\/\/event.fourwaves.com\/ncc2025\/pages\/da1dd8d8-b7d0-4833-af3d-7b297ebab98b\" target=\"_blank\" rel=\"noopener\">la troisi\u00e8me c\u00e9l\u00e9bration annuelle des accomplissements de l&rsquo;Universit\u00e9 de l&rsquo;EMNO<\/a> aura lieu le vendredi 9 mai 2025 en soir\u00e9e. Nous esp\u00e9rons vous y voir.<\/p>","protected":false},"excerpt":{"rendered":"<p>Comme beaucoup d&rsquo;entre vous le savent peut-\u00eatre, la m\u00e9decine rurale et en r\u00e9gion \u00e9loign\u00e9e occupe une place particuli\u00e8re dans mon c\u0153ur. Pendant les huit ann\u00e9es o\u00f9 j&rsquo;ai \u00e9t\u00e9 m\u00e9decin de famille \u00e0 Moose Factory et \u00e0 Kashechewan, j&rsquo;ai constat\u00e9 moi-m\u00eame comment les communaut\u00e9s de la c\u00f4te de la baie James interagissaient avec les soins de &hellip; <a href=\"https:\/\/www.nosm.ca\/fr\/2025\/02\/20\/empowering-health-equity\/\" class=\"more-link\">Continue reading <span class=\"screen-reader-text\">Renforcer l\u2019\u00e9quit\u00e9 en sant\u00e9<\/span> <span class=\"meta-nav\">&rarr;<\/span><\/a><\/p>\n","protected":false},"author":16,"featured_media":0,"comment_status":"closed","ping_status":"closed","sticky":false,"template":"","format":"standard","meta":{"_acf_changed":false,"footnotes":""},"categories":[167],"tags":[],"class_list":["post-76389","post","type-post","status-publish","format-standard","hentry","category-dean"],"acf":[],"_links":{"self":[{"href":"https:\/\/www.nosm.ca\/fr\/wp-json\/wp\/v2\/posts\/76389","targetHints":{"allow":["GET"]}}],"collection":[{"href":"https:\/\/www.nosm.ca\/fr\/wp-json\/wp\/v2\/posts"}],"about":[{"href":"https:\/\/www.nosm.ca\/fr\/wp-json\/wp\/v2\/types\/post"}],"author":[{"embeddable":true,"href":"https:\/\/www.nosm.ca\/fr\/wp-json\/wp\/v2\/users\/16"}],"replies":[{"embeddable":true,"href":"https:\/\/www.nosm.ca\/fr\/wp-json\/wp\/v2\/comments?post=76389"}],"version-history":[{"count":3,"href":"https:\/\/www.nosm.ca\/fr\/wp-json\/wp\/v2\/posts\/76389\/revisions"}],"predecessor-version":[{"id":76396,"href":"https:\/\/www.nosm.ca\/fr\/wp-json\/wp\/v2\/posts\/76389\/revisions\/76396"}],"wp:attachment":[{"href":"https:\/\/www.nosm.ca\/fr\/wp-json\/wp\/v2\/media?parent=76389"}],"wp:term":[{"taxonomy":"category","embeddable":true,"href":"https:\/\/www.nosm.ca\/fr\/wp-json\/wp\/v2\/categories?post=76389"},{"taxonomy":"post_tag","embeddable":true,"href":"https:\/\/www.nosm.ca\/fr\/wp-json\/wp\/v2\/tags?post=76389"}],"curies":[{"name":"wp","href":"https:\/\/api.w.org\/{rel}","templated":true}]}}