{"id":7595,"date":"2010-04-06T10:12:47","date_gmt":"2010-04-06T14:12:47","guid":{"rendered":"https:\/\/wp.nosm.ca\/?p=7595"},"modified":"2018-03-13T10:13:42","modified_gmt":"2018-03-13T14:13:42","slug":"nosm-announces-two-appointments","status":"publish","type":"post","link":"https:\/\/www.nosm.ca\/fr\/2010\/04\/06\/nosm-announces-two-appointments\/","title":{"rendered":"L\u2019EMNO annonce deux nominations"},"content":{"rendered":"<p>L\u2019\u00c9cole de m\u00e9decine du Nord de l\u2019Ontario (EMNO) a le plaisir d\u2019annoncer deux nouvelles nominations : Jonathan Barrett \u00e0 titre de directeur du Service des ressources humaines, et John Shea, coordonnateur clinique, Programme des auxiliaires en m\u00e9decine.<\/p>\n<p>En qualit\u00e9 de directeur des ressources humaines, M. Barrett contribuera au soutien, \u00e0 la gestion et \u00e0 la direction des fonctions administratives de l\u2019unit\u00e9, \u00e0 l\u2019\u00e9laboration de pratiques d\u2019embauche, \u00e0 la promotion et \u00e0 la fid\u00e9lisation de personnes chevronn\u00e9es. Il a occup\u00e9 des postes de cadre au minist\u00e8re du D\u00e9veloppement du Nord, des Mines et des For\u00eats et dans la fonction publique de l\u2019Ontario. Dans ses postes pr\u00e9c\u00e9dents, il a montr\u00e9 qu\u2019il comprenait les services n\u00e9cessaires pour la population du Nord de l\u2019Ontario qu\u2019il a repr\u00e9sent\u00e9e \u00e0 divers stades de l\u2019\u00e9laboration de politiques et de lois. Il conna\u00eet \u00e9galement tr\u00e8s bien les demandes d\u2019un bassin de clients et de travailleurs qui englobe les populations autochtones et francophones ainsi que les personnes ayant un handicap.<\/p>\n<p>Parmi ses accomplissements notables figurent le leadership strat\u00e9gique, la motivation et le soutien \u00e0 un grand nombre d\u2019employ\u00e9s responsables des services gouvernementaux dans 33 villes du Nord de l\u2019Ontario. \u00c0 ces atouts s\u2019ajoute ses qualit\u00e9s de chef de file dans la consultation des employ\u00e9s, l\u2019administration de conventions collectives, les relations de travail et la planification de la main-d\u2019\u0153uvre.<\/p>\n<p>L\u2019EMNO a \u00e9galement le plaisir d\u2019accueillir John Shea au poste de coordonnateur clinique, Programme des auxiliaires m\u00e9dicaux. Ce nouveau poste a \u00e9t\u00e9 cr\u00e9\u00e9 pour r\u00e9pondre aux exigences administratives, p\u00e9dagogiques et de recherche de ce programme, une collaboration unique entre l\u2019EMNO, le Michener Institute for Applied Health Sciences et l\u2019University of Toronto.<\/p>\n<p>M. Shea poss\u00e8de une vaste exp\u00e9rience qui inclut des fonctions d\u2019auxiliaire m\u00e9dical dans les Forces arm\u00e9es canadiennes, divers postes d\u2019enseignant \u00e0 des auxiliaires m\u00e9dicaux et, r\u00e9cemment, la participation \u00e0 l\u2019\u00e9laboration et \u00e0 la mise en \u0153uvre du programme de formation des auxiliaires m\u00e9dicaux des Forces canadiennes \u00e0 Borden (Ontario).<\/p>\n<p>Ses comp\u00e9tences en administration et en conception cadrent bien avec l\u2019\u00e9laboration de composantes du programme de formation des auxiliaires m\u00e9dicaux, le suivi des progr\u00e8s des \u00e9tudiants et la supervision des exp\u00e9riences cliniques des \u00e9tudiants de deuxi\u00e8me ann\u00e9e.<\/p>\n<p>Le doyen de l\u2019EMNO, le Dr Roger Strasser, a soulign\u00e9 l\u2019importance de la contribution de ces personnes \u00e0 l\u2019\u00c9cole : \u00ab J\u2019ai le plaisir de souhaiter la bienvenue \u00e0 Jonathan Barrett et \u00e0 John Shea \u00e0 l\u2019\u00c9cole de m\u00e9decine du Nord de l\u2019Ontario. La vaste exp\u00e9rience qu\u2019ils apportent \u00e0 leur poste respectif aidera l\u2019\u00e9cole \u00e0 assumer ses responsabilit\u00e9s administratives et \u00e0 fournir des services essentiels \u00e0 ses \u00e9tudiants \u00bb.<\/p>","protected":false},"excerpt":{"rendered":"<p>L\u2019\u00c9cole de m\u00e9decine du Nord de l\u2019Ontario (EMNO) a le plaisir d\u2019annoncer deux nouvelles nominations : Jonathan Barrett \u00e0 titre de directeur du Service des ressources humaines, et John Shea, coordonnateur clinique, Programme des auxiliaires en m\u00e9decine. En qualit\u00e9 de directeur des ressources humaines, M. Barrett contribuera au soutien, \u00e0 la gestion et \u00e0 la &hellip; <a href=\"https:\/\/www.nosm.ca\/fr\/2010\/04\/06\/nosm-announces-two-appointments\/\" class=\"more-link\">Continue reading <span class=\"screen-reader-text\">L\u2019EMNO annonce deux nominations<\/span> <span class=\"meta-nav\">&rarr;<\/span><\/a><\/p>\n","protected":false},"author":16,"featured_media":0,"comment_status":"open","ping_status":"open","sticky":false,"template":"","format":"standard","meta":{"_acf_changed":false,"footnotes":""},"categories":[88],"tags":[],"class_list":["post-7595","post","type-post","status-publish","format-standard","hentry","category-media-release"],"acf":[],"_links":{"self":[{"href":"https:\/\/www.nosm.ca\/fr\/wp-json\/wp\/v2\/posts\/7595","targetHints":{"allow":["GET"]}}],"collection":[{"href":"https:\/\/www.nosm.ca\/fr\/wp-json\/wp\/v2\/posts"}],"about":[{"href":"https:\/\/www.nosm.ca\/fr\/wp-json\/wp\/v2\/types\/post"}],"author":[{"embeddable":true,"href":"https:\/\/www.nosm.ca\/fr\/wp-json\/wp\/v2\/users\/16"}],"replies":[{"embeddable":true,"href":"https:\/\/www.nosm.ca\/fr\/wp-json\/wp\/v2\/comments?post=7595"}],"version-history":[{"count":1,"href":"https:\/\/www.nosm.ca\/fr\/wp-json\/wp\/v2\/posts\/7595\/revisions"}],"predecessor-version":[{"id":7596,"href":"https:\/\/www.nosm.ca\/fr\/wp-json\/wp\/v2\/posts\/7595\/revisions\/7596"}],"wp:attachment":[{"href":"https:\/\/www.nosm.ca\/fr\/wp-json\/wp\/v2\/media?parent=7595"}],"wp:term":[{"taxonomy":"category","embeddable":true,"href":"https:\/\/www.nosm.ca\/fr\/wp-json\/wp\/v2\/categories?post=7595"},{"taxonomy":"post_tag","embeddable":true,"href":"https:\/\/www.nosm.ca\/fr\/wp-json\/wp\/v2\/tags?post=7595"}],"curies":[{"name":"wp","href":"https:\/\/api.w.org\/{rel}","templated":true}]}}