{"id":70217,"date":"2024-07-11T17:46:54","date_gmt":"2024-07-11T21:46:54","guid":{"rendered":"https:\/\/www.nosm.ca\/?p=70217"},"modified":"2024-07-11T17:46:54","modified_gmt":"2024-07-11T21:46:54","slug":"summer-joy-in-northern-ontario-and-my-top-ten-for-summer","status":"publish","type":"post","link":"https:\/\/www.nosm.ca\/fr\/2024\/07\/11\/summer-joy-in-northern-ontario-and-my-top-ten-for-summer\/","title":{"rendered":"Les joies de l\u2019\u00e9t\u00e9 dans le Nord de l&rsquo;Ontario \u2013 et mes dix principales activit\u00e9s et suggestions pour l\u2019\u00e9t\u00e9"},"content":{"rendered":"<p>L\u2019\u00e9t\u00e9 est arriv\u00e9! Alors que nous admirons les multiples splendeurs du Nord de l&rsquo;Ontario \u00e0 cette p\u00e9riode de l\u2019ann\u00e9e, je prends aussi le temps de respirer et de r\u00e9fl\u00e9chir.<\/p>\n<p>Comme vous le savez peut-\u00eatre maintenant, je resterai \u00e0 l&rsquo;Universit\u00e9 de l&rsquo;EMNO jusqu\u2019au 31 octobre 2024, puis laisserai la place au\u00a0<a href=\"https:\/\/nosm.us3.list-manage.com\/track\/click?u=fc05ca9673eac8567682496b2&amp;id=1555cc13fc&amp;e=f67305051a\" target=\"_blank\" rel=\"noopener\" data-saferedirecturl=\"https:\/\/www.google.com\/url?hl=en&amp;q=https:\/\/nosm.us3.list-manage.com\/track\/click?u%3Dfc05ca9673eac8567682496b2%26id%3D1555cc13fc%26e%3Df67305051a&amp;source=gmail&amp;ust=1720815965254000&amp;usg=AOvVaw0vxTJKuGAR0U-i_4dlZiFj\">Dr Michael Green, le nouveau recteur, vice-chancelier, doyen et PDG de l&rsquo;Universit\u00e9 de l&rsquo;EMNO<\/a>. Je connais Mike depuis des d\u00e9cennies et je peux honn\u00eatement dire que sa nomination me ravit. Il fera un travail magnifique dans la repr\u00e9sentation du Nord, de l&rsquo;Universit\u00e9 de l&rsquo;EMNO et de la communaut\u00e9 de l\u2019enseignement sup\u00e9rieur dans le domaine de la m\u00e9decine universitaire. J\u2019esp\u00e8re que vous l\u2019accueillerez en novembre avec la m\u00eame chaleur et la m\u00eame g\u00e9n\u00e9rosit\u00e9 que vous m\u2019avez manifest\u00e9es il y a cinq ans.<\/p>\n<p>Je profite enti\u00e8rement de la vie \u00e0 temps plein \u00e0 Thunder Bay cet \u00e9t\u00e9. M\u00eame si j\u2019ai pass\u00e9 la moiti\u00e9 de mon temps dans cette ville au cours des cinq derni\u00e8res ann\u00e9es, la pand\u00e9mie et les nombreux d\u00e9placements dans les communaut\u00e9s ne m\u2019ont pas donn\u00e9 l\u2019occasion de profiter pleinement de la beaut\u00e9 de cette ville et de ses environs. Il se passe tant de choses \u00e0 Thunder Bay en ce moment! En juin, la ville a c\u00e9l\u00e9br\u00e9 le Mois de la fiert\u00e9 avec des parades et des activit\u00e9s. La Journ\u00e9e nationale des peuples autochtones a aussi \u00e9t\u00e9 une grande c\u00e9l\u00e9bration et, de mon balcon, j\u2019ai entendu la musique fantastique venant du parc au bout de la rue. Bien entendu, il y avait beaucoup \u00e0 c\u00e9l\u00e9brer la fin de semaine de la F\u00eate du Canada au parc historique Fort William et au bord de l\u2019eau. Et bien d\u2019autres \u00e9v\u00e9nements et activit\u00e9s sont pr\u00e9vus pour les mois \u00e0 venir. Durant mes \u00e9t\u00e9s \u00e0 Sudbury, j\u2019ai eu la chance d\u2019assister \u00e0 des \u00e9v\u00e9nements semblables au magnifique parc Bell, \u00e0 Science Nord et sur les nombreuses plages et dans les nombreux parcs du Nord-Est. J\u2019adore le Nord!<\/p>\n<p>Et, comme je le fais chaque ann\u00e9e, voici mes dix principales activit\u00e9s et suggestions pour l\u2019\u00e9t\u00e9\u00a0:<\/p>\n<ol>\n<li>Liste de lecture de l\u2019\u00e9t\u00e9 : Je vais m\u2019installer confortablement sur mon balcon ou aller au parc provincial Sleeping Giant et lire pendant que je le peux.\u00a0Je d\u00e9vore actuellement\u00a0<em>The War We Won Apart<\/em>\u00a0de Nahlah Ayed;\u00a0<em>Not the End of the World: How We Can Be the First Generation to Build a Sustainable Planet<\/em>\u00a0de Hannah Ritchie; et un roman canadien dont l\u2019histoire se passe \u00e0 Muskoka,\u00a0<em>Meet Me at the Lake<\/em>\u00a0de Carley Fortune.<\/li>\n<li value=\"2\">Chansons de l\u2019\u00e9t\u00e9 : Pour moi, les chansons de l\u2019\u00e9t\u00e9 de tous les temps sont \u00ab\u00a0Here Comes the Sun\u00a0\u00bb des Beatles, \u00ab\u00a0Sitting on the Dock of the Bay\u00a0\u00bb d\u2019Otis Redding, \u00ab\u00a0Lovely Day\u00a0\u00bb de Bill Withers, \u00ab\u00a0Summertime\u00a0\u00bb d\u2019Ella Fitzgerald et Louis Armstrong, \u00ab\u00a0Walking on Sunshine\u00a0\u00bb de Katrina and the Waves, \u00ab\u00a0Cruel Summer\u00a0\u00bb de Bananarama, et \u00ab\u00a0Good Vibrations\u00a0\u00bb des Beach Boys.<\/li>\n<li value=\"3\">Barbecue de l\u2019\u00e9t\u00e9 : La meilleure partie de l\u2019\u00e9t\u00e9 est cuisiner \u00e0 l\u2019ext\u00e9rieur. J\u2019aime le gr\u00e9sillement des barbecues dont l\u2019ar\u00f4me se r\u00e9pand dans le parc, dans le jardin ou sur le balcon. Sur les c\u00f4tes et les hamburgers, essayez des fruits comme les fraises, les figues ou les ananas (tout est meilleur lorsque c\u2019est un peu carbonis\u00e9). J&rsquo;adore un m\u00e9lange de fenouil, de chou, de courgettes, de patates douces et d&rsquo;asperges agr\u00e9ment\u00e9 de fines herbes et d&rsquo;huile d&rsquo;olive.<\/li>\n<li value=\"4\">Aliments de l\u2019\u00e9t\u00e9 : Je salive, vous salivez, nous salivons tous pour de la cr\u00e8me glac\u00e9e! En fait, j\u2019aime le gelato. Chapeau \u00e0 Prime Gelato et \u00e0 la vieille cr\u00e8me glac\u00e9e molle am\u00e9ricaine Merla-Mae, de style Graffiti, \u00e0 Thunder Bay. Et il faut absolument aller chez Flurple&rsquo;s \u00e0 Sudbury!<\/li>\n<li value=\"5\">Vacances d\u2019\u00e9t\u00e9 : \u00ab\u00a0Voyage en voiture\u00a0\u00bb est populaire dans les moteurs de recherche, tant pour les escapades dans le Nord de l&rsquo;Ontario que dans le pays. J\u2019aime un beau voyage sur la route, surtout avec le toit ouvrant ouvert. Explorez notre magnifique r\u00e9gion et le Canada!<\/li>\n<li value=\"6\">Tendances de l\u2019\u00e9t\u00e9 : Elles vont et viennent, mais pour moi, les teintes ensoleill\u00e9es et le sourire que procurent les pieds nus dans l&rsquo;herbe ou sur la plage sont incontournables.<\/li>\n<li value=\"7\">Conseils pour la sant\u00e9 en \u00e9t\u00e9 : Prot\u00e9gez-vous de la chaleur, ainsi que vos enfants et vos animaux domestiques; faites attention aux coups de soleil et prenez des pr\u00e9cautions pour vous prot\u00e9ger de la fum\u00e9e des feux de for\u00eat, des tiques et de la d\u00e9shydratation. Une bonne source d\u2019informations sur la fa\u00e7on de prendre soin de vous et des autres se trouve\u00a0<a href=\"https:\/\/nosm.us3.list-manage.com\/track\/click?u=fc05ca9673eac8567682496b2&amp;id=3f202ebe03&amp;e=f67305051a\" target=\"_blank\" rel=\"noopener\" data-saferedirecturl=\"https:\/\/www.google.com\/url?hl=en&amp;q=https:\/\/nosm.us3.list-manage.com\/track\/click?u%3Dfc05ca9673eac8567682496b2%26id%3D3f202ebe03%26e%3Df67305051a&amp;source=gmail&amp;ust=1720815965254000&amp;usg=AOvVaw2KfWtHA5lGGN-Lz9np6_3z\">ici<\/a>. Nous aurons un \u00e9t\u00e9 enfum\u00e9 \u00e0 coup s\u00fbr dans la majeure partie du Nord de l&rsquo;Ontario. La\u00a0<a href=\"https:\/\/nosm.us3.list-manage.com\/track\/click?u=fc05ca9673eac8567682496b2&amp;id=e85d98d614&amp;e=f67305051a\" target=\"_blank\" rel=\"noopener\" data-saferedirecturl=\"https:\/\/www.google.com\/url?hl=en&amp;q=https:\/\/nosm.us3.list-manage.com\/track\/click?u%3Dfc05ca9673eac8567682496b2%26id%3De85d98d614%26e%3Df67305051a&amp;source=gmail&amp;ust=1720815965254000&amp;usg=AOvVaw1LpHxG3IBe7lcuCk6Xsh8L\">page Web du gouvernement du Canada sur les feux de for\u00eat<\/a>contient des renseignements sur les programmes, politiques et initiatives pour se tenir au courant de la situation.<\/li>\n<li value=\"8\">Soins de sant\u00e9 en \u00e9t\u00e9\u00a0: N\u2019oubliez pas que les salles d\u2019urgence d\u00e9bordent encore dans tout le Canada. Les p\u00e9nuries de personnel et le surpeuplement des h\u00f4pitaux combin\u00e9s \u00e0 un mauvais acc\u00e8s \u00e0 une \u00e9quipe de soins primaires de haute qualit\u00e9 font que les salles d\u2019urgence des h\u00f4pitaux manquent cruellement de ressources pour les patients atteints de la grippe, de la COVID-19 et du virus respiratoire syncytial \u00e0 cette \u00e9poque de l\u2019ann\u00e9e.<\/li>\n<li value=\"9\">La bont\u00e9 en \u00e9t\u00e9 : Soyons bons pour les nouveaux m\u00e9decins et professionnels de la sant\u00e9. Beaucoup commencent \u00e0 exercer en juillet. Ils sont enthousiastes et passionn\u00e9s, mais aussi un peu nouveaux. Ils terminent habituellement leur r\u00e9sidence en juin et ouvrent leur cabinet durant l\u2019\u00e9t\u00e9. Je vous encourage \u00e0 accueillir ces nouveaux m\u00e9decins \u00e0 bras ouverts dans votre communaut\u00e9. Nous avons tous besoin d\u2019eux.<\/li>\n<li value=\"10\">L\u2019altruisme durant l\u2019\u00e9t\u00e9\u00a0: N\u2019oubliez pas d\u2019appuyer l&rsquo;Universit\u00e9 de l&rsquo;EMNO, ax\u00e9e sur la responsabilit\u00e9 sociale, et la strat\u00e9gie de production de ressources humaines en sant\u00e9 pour le Nord de l&rsquo;Ontario la plus r\u00e9ussie. Notre campagne\u00a0<a href=\"https:\/\/nosm.us3.list-manage.com\/track\/click?u=fc05ca9673eac8567682496b2&amp;id=d3e0aaa4e7&amp;e=f67305051a\" target=\"_blank\" rel=\"noopener\" data-saferedirecturl=\"https:\/\/www.google.com\/url?hl=en&amp;q=https:\/\/nosm.us3.list-manage.com\/track\/click?u%3Dfc05ca9673eac8567682496b2%26id%3Dd3e0aaa4e7%26e%3Df67305051a&amp;source=gmail&amp;ust=1720815965254000&amp;usg=AOvVaw2tmtsRb7ZSNQ7r4qwoH0jg\">L\u2019avenir est pr\u00eat \u00e0 vous recevoir<\/a>, de r\u00e9putation internationale, a remport\u00e9 de nombreux prix et nous a aid\u00e9s \u00e0 mobiliser les 50 premiers millions de dollars pour des bourses \u00e9tudiantes. Mais nous avons encore besoin d\u2019aide pour faire avancer l\u2019\u00e9quit\u00e9 en sant\u00e9 dans le Nord. Faites un don d\u00e8s aujourd\u2019hui. Si vous d\u00e9sirez faire un don planifi\u00e9 ou une dotation sp\u00e9ciale, communiquez avec\u00a0<a href=\"https:\/\/nosm.us3.list-manage.com\/track\/click?u=fc05ca9673eac8567682496b2&amp;id=8d1ca714e9&amp;e=f67305051a\" target=\"_blank\" rel=\"noopener\" data-saferedirecturl=\"https:\/\/www.google.com\/url?hl=en&amp;q=https:\/\/nosm.us3.list-manage.com\/track\/click?u%3Dfc05ca9673eac8567682496b2%26id%3D8d1ca714e9%26e%3Df67305051a&amp;source=gmail&amp;ust=1720815965254000&amp;usg=AOvVaw3Ot3XamF9RxOwybckPpDxW\">Cherie Kok et<\/a>\u00a0notre \u00e9quipe de l\u2019avancement.<\/li>\n<\/ol>\n<p>Je suis fi\u00e8re d\u2019avoir cr\u00e9\u00e9 les Prix pour le leadership hors pair qui soulignent et c\u00e9l\u00e8brent le leadership remarquable de la population \u00e9tudiante, du personnel et du corps professoral \u00e0 l&rsquo;Universit\u00e9 de l&rsquo;EMNO. Ces prix honorent des personnes qui ont aussi apport\u00e9 une contribution importante \u00e0 la communaut\u00e9 universitaire et constituent des mod\u00e8les de r\u00f4les inspirants. Merci \u00e0 toutes les personnes qui ont d\u00e9j\u00e0 fait un don. Si vous d\u00e9sirez faire un don pour ces bourses, consultez notre\u00a0<a href=\"https:\/\/nosm.us3.list-manage.com\/track\/click?u=fc05ca9673eac8567682496b2&amp;id=546a11b620&amp;e=f67305051a\" target=\"_blank\" rel=\"noopener\" data-saferedirecturl=\"https:\/\/www.google.com\/url?hl=en&amp;q=https:\/\/nosm.us3.list-manage.com\/track\/click?u%3Dfc05ca9673eac8567682496b2%26id%3D546a11b620%26e%3Df67305051a&amp;source=gmail&amp;ust=1720815965254000&amp;usg=AOvVaw1D9UxeU18Q9aDh1h3yilLm\">site Web<\/a>.<\/p>\n<p>Merci, miigwetch et thank you \u00e0 vous toutes et tous. Je vous souhaite un magnifique \u00e9t\u00e9 et vous verrai \u00e0 l\u2019automne.<\/p>\n<p>D<sup>re<\/sup>\u00a0Sarita Verma<br \/>\nRectrice, vice-chanceli\u00e8re, doyenne et PDG<br \/>\nUniversit\u00e9 de l&rsquo;EMNO<\/p>\n<p>Si vous avez des commentaires, envoyez-les \u00e0\u00a0<a href=\"mailto:president@nosm.ca\" target=\"_blank\" rel=\"noopener\">president@nosm.ca<\/a>\u00a0et suivez-moi sur X (anciennement Twitter) @ddsv3.<\/p>\n<p><a class=\"m_-9012260492616507457mcnButton\" title=\"Abonnez-vous \u00e0 Routes du nord\" href=\"https:\/\/nosm.us3.list-manage.com\/track\/click?u=fc05ca9673eac8567682496b2&amp;id=af1796f33d&amp;e=f67305051a\" target=\"_blank\" rel=\"noopener\" data-saferedirecturl=\"https:\/\/www.google.com\/url?hl=en&amp;q=https:\/\/nosm.us3.list-manage.com\/track\/click?u%3Dfc05ca9673eac8567682496b2%26id%3Daf1796f33d%26e%3Df67305051a&amp;source=gmail&amp;ust=1720815965254000&amp;usg=AOvVaw0T1BJQqiE9cKuV3Eztu-IE\">Abonnez-vous \u00e0 Routes du nord<\/a><\/p>\n<div>\n<hr \/>\n<p><img loading=\"lazy\" decoding=\"async\" class=\"size-medium wp-image-70218 alignleft\" src=\"https:\/\/www.nosm.ca\/wp-content\/uploads\/2024\/07\/unnamed-300x200.jpg\" alt=\"\" width=\"300\" height=\"200\" srcset=\"https:\/\/www.nosm.ca\/wp-content\/uploads\/2024\/07\/unnamed-300x200.jpg 300w, https:\/\/www.nosm.ca\/wp-content\/uploads\/2024\/07\/unnamed-1024x683.jpg 1024w, https:\/\/www.nosm.ca\/wp-content\/uploads\/2024\/07\/unnamed-768x512.jpg 768w, https:\/\/www.nosm.ca\/wp-content\/uploads\/2024\/07\/unnamed-1536x1024.jpg 1536w, https:\/\/www.nosm.ca\/wp-content\/uploads\/2024\/07\/unnamed-2048x1365.jpg 2048w\" sizes=\"auto, (max-width: 300px) 100vw, 300px\" \/><\/p>\n<p>Voici quelques <a href=\"https:\/\/nosm.us3.list-manage.com\/track\/click?u=fc05ca9673eac8567682496b2&amp;id=c2b0d812c7&amp;e=f67305051a\" target=\"_blank\" rel=\"noopener\" data-saferedirecturl=\"https:\/\/www.google.com\/url?hl=en&amp;q=https:\/\/nosm.us3.list-manage.com\/track\/click?u%3Dfc05ca9673eac8567682496b2%26id%3Dc2b0d812c7%26e%3Df67305051a&amp;source=gmail&amp;ust=1720815965254000&amp;usg=AOvVaw2FKB_KKsROs_kjHDHoIkxl\">photos<\/a> d\u2019\u00e9v\u00e9nements r\u00e9cents.<\/p>\n<\/div>\n<div><\/div>\n<div><\/div>\n<div><\/div>\n<div><\/div>\n<div><\/div>\n<div><\/div>\n<div><\/div>\n<div>\n<hr \/>\n<p><img loading=\"lazy\" decoding=\"async\" class=\"size-medium wp-image-70219 alignleft\" src=\"https:\/\/www.nosm.ca\/wp-content\/uploads\/2024\/07\/unnamed-7-300x170.png\" alt=\"\" width=\"300\" height=\"170\" srcset=\"https:\/\/www.nosm.ca\/wp-content\/uploads\/2024\/07\/unnamed-7-300x170.png 300w, https:\/\/www.nosm.ca\/wp-content\/uploads\/2024\/07\/unnamed-7-768x434.png 768w, https:\/\/www.nosm.ca\/wp-content\/uploads\/2024\/07\/unnamed-7.png 1000w\" sizes=\"auto, (max-width: 300px) 100vw, 300px\" \/><\/p>\n<p>L\u2019Universit\u00e9 de l&rsquo;EMNO a \u00e9t\u00e9 cr\u00e9\u00e9e sp\u00e9cialement pour r\u00e9pondre aux besoins en mati\u00e8re de soins de sant\u00e9 dans le Nord de l&rsquo;Ontario, et sa population \u00e9tudiante tend \u00e0 rester dans le Nord. Renseignez-vous sur ce que l&rsquo;Universit\u00e9 de l&rsquo;EMNO fait pour les communaut\u00e9s du Nord de l&rsquo;Ontario dans notre\u00a0<a href=\"https:\/\/nosm.us3.list-manage.com\/track\/click?u=fc05ca9673eac8567682496b2&amp;id=d9d63df7c0&amp;e=f67305051a\" target=\"_blank\" rel=\"noopener\" data-saferedirecturl=\"https:\/\/www.google.com\/url?hl=en&amp;q=https:\/\/nosm.us3.list-manage.com\/track\/click?u%3Dfc05ca9673eac8567682496b2%26id%3Dd9d63df7c0%26e%3Df67305051a&amp;source=gmail&amp;ust=1720815965254000&amp;usg=AOvVaw2PHSLGQpFP5M6lh0-Dwcyo\">nouvelle vid\u00e9o,\u00a0<em>Universit\u00e9 de l&rsquo;EMNO, la premi\u00e8re \u2013 et seule- universit\u00e9 autonome de m\u00e9decine au Canada<\/em><\/a>.<\/p>\n<\/div>\n<div><\/div>\n<div><\/div>\n<div><\/div>\n<div><\/div>\n<div>\n<hr \/>\n<p><img loading=\"lazy\" decoding=\"async\" class=\"size-medium wp-image-70220 alignleft\" src=\"https:\/\/www.nosm.ca\/wp-content\/uploads\/2024\/07\/unnamed-8-300x168.png\" alt=\"\" width=\"300\" height=\"168\" srcset=\"https:\/\/www.nosm.ca\/wp-content\/uploads\/2024\/07\/unnamed-8-300x168.png 300w, https:\/\/www.nosm.ca\/wp-content\/uploads\/2024\/07\/unnamed-8-1024x573.png 1024w, https:\/\/www.nosm.ca\/wp-content\/uploads\/2024\/07\/unnamed-8-768x430.png 768w, https:\/\/www.nosm.ca\/wp-content\/uploads\/2024\/07\/unnamed-8.png 1283w\" sizes=\"auto, (max-width: 300px) 100vw, 300px\" \/><\/p>\n<p>Les m\u00e9decins de famille sont au c\u0153ur des soins de sant\u00e9, et les possibilit\u00e9s sont infinies en m\u00e9decine familiale. Dans sa <a href=\"https:\/\/nosm.us3.list-manage.com\/track\/click?u=fc05ca9673eac8567682496b2&amp;id=ff884c68b9&amp;e=f67305051a\" target=\"_blank\" rel=\"noopener\" data-saferedirecturl=\"https:\/\/www.google.com\/url?hl=en&amp;q=https:\/\/nosm.us3.list-manage.com\/track\/click?u%3Dfc05ca9673eac8567682496b2%26id%3Dff884c68b9%26e%3Df67305051a&amp;source=gmail&amp;ust=1720815965254000&amp;usg=AOvVaw16cl4D-ELSGRSRS_PfeW_t\">nouvelle vid\u00e9o,\u00a0<em>Universit\u00e9 de l&rsquo;EMNO, la premi\u00e8re \u2013 et seule- universit\u00e9 autonome de m\u00e9decine au Canada<\/em><\/a>, l\u2019Universit\u00e9 de l\u2019EMNO parle \u00e0 des m\u00e9decins de famille, des r\u00e9sidentes et r\u00e9sidents ainsi qu\u2019\u00e0 des \u00e9tudiantes et \u00e9tudiants en m\u00e9decine au sujet de leur passion pour la m\u00e9decine familiale et ce qui en fait une profession gratifiante.<\/p>\n<\/div>\n<div><\/div>\n<div><\/div>\n<div><\/div>\n<div><\/div>\n<div>\n<hr \/>\n<p><img loading=\"lazy\" decoding=\"async\" class=\"wp-image-69843 alignleft\" src=\"https:\/\/www.nosm.ca\/wp-content\/uploads\/2024\/06\/Dr.-Green-Tie-1-scaled-e1720730149848-280x300.jpg\" alt=\"\" width=\"187\" height=\"200\" srcset=\"https:\/\/www.nosm.ca\/wp-content\/uploads\/2024\/06\/Dr.-Green-Tie-1-scaled-e1720730149848-280x300.jpg 280w, https:\/\/www.nosm.ca\/wp-content\/uploads\/2024\/06\/Dr.-Green-Tie-1-scaled-e1720730149848-956x1024.jpg 956w, https:\/\/www.nosm.ca\/wp-content\/uploads\/2024\/06\/Dr.-Green-Tie-1-scaled-e1720730149848-768x823.jpg 768w, https:\/\/www.nosm.ca\/wp-content\/uploads\/2024\/06\/Dr.-Green-Tie-1-scaled-e1720730149848.jpg 1427w\" sizes=\"auto, (max-width: 187px) 100vw, 187px\" \/><\/p>\n<p>Le D<sup>r<\/sup>\u00a0Michael Green sera le nouveau recteur, vice-chancelier, doyen et PDG de l&rsquo;Universit\u00e9 de l&rsquo;EMNO \u00e0 compter du 1<sup>er<\/sup>\u00a0novembre 2024.<br \/>\n<a href=\"https:\/\/nosm.us3.list-manage.com\/track\/click?u=fc05ca9673eac8567682496b2&amp;id=490daffc16&amp;e=f67305051a\" target=\"_blank\" rel=\"noopener\" data-saferedirecturl=\"https:\/\/www.google.com\/url?hl=en&amp;q=https:\/\/nosm.us3.list-manage.com\/track\/click?u%3Dfc05ca9673eac8567682496b2%26id%3D490daffc16%26e%3Df67305051a&amp;source=gmail&amp;ust=1720815965254000&amp;usg=AOvVaw3KqZ5HkQ2e8qetf3p3qfOr\">Pour en savoir davantage sur la nomination du D<sup>r\u00a0<\/sup>Green<\/a>.<\/p>\n<\/div>\n<div><\/div>\n<div><\/div>\n<div><\/div>\n<div><\/div>\n<div><\/div>\n<div><\/div>\n<div>\n<hr \/>\n<p><img loading=\"lazy\" decoding=\"async\" class=\"wp-image-70221 alignleft\" src=\"https:\/\/www.nosm.ca\/wp-content\/uploads\/2024\/07\/unnamed-9-300x150.png\" alt=\"\" width=\"190\" height=\"95\" srcset=\"https:\/\/www.nosm.ca\/wp-content\/uploads\/2024\/07\/unnamed-9-300x150.png 300w, https:\/\/www.nosm.ca\/wp-content\/uploads\/2024\/07\/unnamed-9-768x384.png 768w, https:\/\/www.nosm.ca\/wp-content\/uploads\/2024\/07\/unnamed-9.png 1024w\" sizes=\"auto, (max-width: 190px) 100vw, 190px\" \/><br \/>\nL\u2019\u00e9quipe des relations ext\u00e9rieures de l&rsquo;Universit\u00e9 de l&rsquo;EMNO a re\u00e7u deux prix Gold Quill de 2024 d\u00e9cern\u00e9s par l\u2019International Association of Business Communicators et deux m\u00e9dailles d\u2019argent de la Soci\u00e9t\u00e9 canadienne des relations publiques.\u00a0<a href=\"https:\/\/nosm.us3.list-manage.com\/track\/click?u=fc05ca9673eac8567682496b2&amp;id=fb34fba78c&amp;e=f67305051a\" target=\"_blank\" rel=\"noopener\" data-saferedirecturl=\"https:\/\/www.google.com\/url?hl=en&amp;q=https:\/\/nosm.us3.list-manage.com\/track\/click?u%3Dfc05ca9673eac8567682496b2%26id%3Dfb34fba78c%26e%3Df67305051a&amp;source=gmail&amp;ust=1720815965254000&amp;usg=AOvVaw3HownlFThHrgLzJqN801o9\">Pour en savoir davantage sur les prix.<\/a><\/p>\n<\/div>\n<div><\/div>\n<div><\/div>\n<div>\n<hr \/>\n<p><img loading=\"lazy\" decoding=\"async\" class=\"wp-image-70222 alignleft\" src=\"https:\/\/www.nosm.ca\/wp-content\/uploads\/2024\/07\/unnamed-2-300x63.jpg\" alt=\"\" width=\"295\" height=\"62\" srcset=\"https:\/\/www.nosm.ca\/wp-content\/uploads\/2024\/07\/unnamed-2-300x63.jpg 300w, https:\/\/www.nosm.ca\/wp-content\/uploads\/2024\/07\/unnamed-2-1024x217.jpg 1024w, https:\/\/www.nosm.ca\/wp-content\/uploads\/2024\/07\/unnamed-2-768x162.jpg 768w, https:\/\/www.nosm.ca\/wp-content\/uploads\/2024\/07\/unnamed-2.jpg 1191w\" sizes=\"auto, (max-width: 295px) 100vw, 295px\" \/>Le Centre D<sup>r<\/sup>\u00a0Gilles Arcand pour l\u2019\u00e9quit\u00e9 en sant\u00e9 a ouvert officiellement ses portes le 10 juin 2024.<br \/>\n<a href=\"https:\/\/nosm.us3.list-manage.com\/track\/click?u=fc05ca9673eac8567682496b2&amp;id=a19b019ef2&amp;e=f67305051a\" target=\"_blank\" rel=\"noopener\" data-saferedirecturl=\"https:\/\/www.google.com\/url?hl=en&amp;q=https:\/\/nosm.us3.list-manage.com\/track\/click?u%3Dfc05ca9673eac8567682496b2%26id%3Da19b019ef2%26e%3Df67305051a&amp;source=gmail&amp;ust=1720815965255000&amp;usg=AOvVaw3l_WAiWfxiJsCbc5B81RC0\">Pour en savoir davantage sur l\u2019ouverture.<\/a><\/p>\n<\/div>\n<p><\/p>","protected":false},"excerpt":{"rendered":"<p>L\u2019\u00e9t\u00e9 est arriv\u00e9! Alors que nous admirons les multiples splendeurs du Nord de l&rsquo;Ontario \u00e0 cette p\u00e9riode de l\u2019ann\u00e9e, je prends aussi le temps de respirer et de r\u00e9fl\u00e9chir. Comme vous le savez peut-\u00eatre maintenant, je resterai \u00e0 l&rsquo;Universit\u00e9 de l&rsquo;EMNO jusqu\u2019au 31 octobre 2024, puis laisserai la place au\u00a0Dr Michael Green, le nouveau recteur, &hellip; <a href=\"https:\/\/www.nosm.ca\/fr\/2024\/07\/11\/summer-joy-in-northern-ontario-and-my-top-ten-for-summer\/\" class=\"more-link\">Continue reading <span class=\"screen-reader-text\">Les joies de l\u2019\u00e9t\u00e9 dans le Nord de l&rsquo;Ontario \u2013 et mes dix principales activit\u00e9s et suggestions pour l\u2019\u00e9t\u00e9<\/span> <span class=\"meta-nav\">&rarr;<\/span><\/a><\/p>\n","protected":false},"author":313,"featured_media":0,"comment_status":"closed","ping_status":"closed","sticky":false,"template":"","format":"standard","meta":{"_acf_changed":false,"footnotes":""},"categories":[167],"tags":[],"class_list":["post-70217","post","type-post","status-publish","format-standard","hentry","category-dean"],"acf":[],"_links":{"self":[{"href":"https:\/\/www.nosm.ca\/fr\/wp-json\/wp\/v2\/posts\/70217","targetHints":{"allow":["GET"]}}],"collection":[{"href":"https:\/\/www.nosm.ca\/fr\/wp-json\/wp\/v2\/posts"}],"about":[{"href":"https:\/\/www.nosm.ca\/fr\/wp-json\/wp\/v2\/types\/post"}],"author":[{"embeddable":true,"href":"https:\/\/www.nosm.ca\/fr\/wp-json\/wp\/v2\/users\/313"}],"replies":[{"embeddable":true,"href":"https:\/\/www.nosm.ca\/fr\/wp-json\/wp\/v2\/comments?post=70217"}],"version-history":[{"count":7,"href":"https:\/\/www.nosm.ca\/fr\/wp-json\/wp\/v2\/posts\/70217\/revisions"}],"predecessor-version":[{"id":70235,"href":"https:\/\/www.nosm.ca\/fr\/wp-json\/wp\/v2\/posts\/70217\/revisions\/70235"}],"wp:attachment":[{"href":"https:\/\/www.nosm.ca\/fr\/wp-json\/wp\/v2\/media?parent=70217"}],"wp:term":[{"taxonomy":"category","embeddable":true,"href":"https:\/\/www.nosm.ca\/fr\/wp-json\/wp\/v2\/categories?post=70217"},{"taxonomy":"post_tag","embeddable":true,"href":"https:\/\/www.nosm.ca\/fr\/wp-json\/wp\/v2\/tags?post=70217"}],"curies":[{"name":"wp","href":"https:\/\/api.w.org\/{rel}","templated":true}]}}