{"id":67865,"date":"2024-04-18T14:55:52","date_gmt":"2024-04-18T18:55:52","guid":{"rendered":"https:\/\/www.nosm.ca\/?p=67865"},"modified":"2024-04-18T14:55:52","modified_gmt":"2024-04-18T18:55:52","slug":"gratitude-change-and-filling-up-bowls","status":"publish","type":"post","link":"https:\/\/www.nosm.ca\/fr\/2024\/04\/18\/gratitude-change-and-filling-up-bowls\/","title":{"rendered":"Gratitude, changement \u2013 et remplissage des bols"},"content":{"rendered":"<p><\/p>\n<p style=\"font-weight: 400;\">Le printemps est dans l\u2019air, et le changement aussi!<\/p>\n<p style=\"font-weight: 400;\">Tout d\u2019abord, je tiens \u00e0 remercier sinc\u00e8rement et du fond du c\u0153ur nos dirigeantes et nos dirigeants, notre personnel, nos enseignante et notre corps professoral et notre client\u00e8le \u00e9tudiante.<\/p>\n<p style=\"font-weight: 400;\">Je crains de ne pas reconna\u00eetre suffisamment votre travail. La reconnaissance du travail et du d\u00e9vouement des membres de l\u2019\u00e9quipe n\u2019est pas une simple formalit\u00e9\u00a0: c\u2019est un aspect fondamental d\u2019un leadership et d\u2019une dynamique d\u2019\u00e9quipe efficaces. Lorsque les membres d\u2019une \u00e9quipe se sentent reconnus et appr\u00e9ci\u00e9s pour leurs contributions, cela favorise un environnement de travail positif, cela stimule le moral et am\u00e9liore la productivit\u00e9 et l\u2019engagement en g\u00e9n\u00e9ral.<\/p>\n<p style=\"font-weight: 400;\">Je suis extr\u00eamement fi\u00e8re des dirigeantes et des dirigeants de l\u2019Universit\u00e9 de l\u2019EMNO \u2013 les vice recteurs et vice-rectrices, les vice-doyennes et vice-doyens, les doyennes et doyens associ\u00e9s et adjoints, les directrices et directeurs, les gestionnaires et, en fait, toutes les personnes qui travaillent avec nous. Toutes ont ma\u00eetris\u00e9 l\u2019art de la transition, du changement et de l\u2019\u00e9volution. Chaque membre de cette \u00e9quipe m\u00e9rite d\u2019\u00eatre applaudi. Le travail accompli \u00e0 la fois individuellement et collectivement constitue l\u2019essence m\u00eame de l\u2019Universit\u00e9 de l\u2019EMNO.<\/p>\n<p style=\"font-weight: 400;\">\u00c0 toutes celles et tous ceux qui composent la mosa\u00efque de notre Universit\u00e9 : merci. Je suis tr\u00e8s reconnaissante envers vous pour tout ce que vous faites.<\/p>\n<p style=\"font-weight: 400;\">\u00ab\u00a0Ce n\u2019est pas la joie qui nous fait \u00e9prouver de la gratitude, c\u2019est la gratitude qui nous rend joyeux.\u00a0\u00bb \u2013 David Steindl-Rast<\/p>\n<p style=\"font-weight: 400;\">Le secteur des soins de sant\u00e9 et celui de l\u2019enseignement sup\u00e9rieur connaissent actuellement des changements rapides. Il est int\u00e9ressant de noter que de nombreuses personnes craignent le changement. Pourtant, dans le domaine des soins de sant\u00e9, de la m\u00e9decine fond\u00e9e sur des donn\u00e9es probantes et de la technologie, le bouton \u00ab\u00a0rafra\u00eechir\u00a0\u00bb fait partie int\u00e9grante du processus. \u00c0 l\u2019Universit\u00e9 de l\u2019EMNO, de nombreux projets de gestion du changement sont en cours\u00a0: expansion, changements dans les programmes d\u2019\u00e9tudes, nouvelle direction, etc. Dans l\u2019environnement dynamique et comp\u00e9titif d\u2019aujourd\u2019hui, o\u00f9 (comme nous l\u2019avons vu) les \u00e9v\u00e9nements mondiaux peuvent rapidement remodeler des paysages entiers, la ma\u00eetrise de la gestion du changement est un imp\u00e9ratif strat\u00e9gique. En adoptant une approche structur\u00e9e, en adh\u00e9rant \u00e0 certains principes cl\u00e9s et en favorisant une culture du changement, les organisations peuvent n\u00e9gocier efficacement les transitions, tirer parti des occasions qui se pr\u00e9sentent et en ressortir plus fortes et plus r\u00e9silientes face \u00e0 l\u2019incertitude.<\/p>\n<p><a href=\"https:\/\/www.nosm.ca\/wp-content\/uploads\/2024\/04\/La-courbe-du-changement-.png\"><img loading=\"lazy\" decoding=\"async\" class=\"aligncenter wp-image-67885 size-large\" src=\"https:\/\/www.nosm.ca\/wp-content\/uploads\/2024\/04\/La-courbe-du-changement--1024x768.png\" alt=\"Le graphique, intitul\u00e9 \u00ab La courbe du changement \u00bb, montre les performances et la motivation au fil du temps, en passant par les \u00e9tapes du d\u00e9ni, de la prise de conscience, de la col\u00e8re\/r\u00e9sistance, du l\u00e2cher-prise, de la recherche, de la compr\u00e9hension de la signification des changements et de l\u2019int\u00e9riorisation des changements. \" width=\"474\" height=\"356\" srcset=\"https:\/\/www.nosm.ca\/wp-content\/uploads\/2024\/04\/La-courbe-du-changement--1024x768.png 1024w, https:\/\/www.nosm.ca\/wp-content\/uploads\/2024\/04\/La-courbe-du-changement--300x225.png 300w, https:\/\/www.nosm.ca\/wp-content\/uploads\/2024\/04\/La-courbe-du-changement--768x576.png 768w, https:\/\/www.nosm.ca\/wp-content\/uploads\/2024\/04\/La-courbe-du-changement-.png 1466w\" sizes=\"auto, (max-width: 474px) 100vw, 474px\" \/><\/a><\/p>\n<p><em>Image inspir\u00e9e par Shutterstock, bas\u00e9e sur le mod\u00e8le de la courbe du changement attribu\u00e9 \u00e0 Elisabeth Kubler-Ross.<\/em><\/p>\n<p style=\"font-weight: 400;\">Le changement, en ce qui concerne les organisations, peut englober un large \u00e9ventail d\u2019initiatives allant de la mise en \u0153uvre de nouveaux syst\u00e8mes technologiques \u00e0 la restructuration des \u00e9quipes, en passant par le lancement de produits ou la modification de l\u2019orientation strat\u00e9gique. Quel que soit le changement en question, sa r\u00e9ussite d\u00e9pend souvent de la mani\u00e8re dont il est g\u00e9r\u00e9. Une gestion efficace du changement suppose d\u2019anticiper les d\u00e9fis potentiels, de faire participer les parties prenantes, de communiquer avec transparence et de fournir un soutien tout au long de la transition.<\/p>\n<p style=\"font-weight: 400;\">La compassion dans le leadership est une qualit\u00e9 transformatrice qui alimente la confiance, stimule l\u2019empathie et cr\u00e9e un milieu favorable tant pour les dirigeantes et dirigeants que pour leurs \u00e9quipes. Alors que le leadership met souvent l\u2019accent sur la vision strat\u00e9gique, l\u2019esprit de d\u00e9cision et les r\u00e9sultats, l\u2019int\u00e9gration de la compassion dans les pratiques de leadership peut conduire \u00e0 des r\u00e9sultats plus durables et plus satisfaisants. \u00c0 l\u2019inverse, il n\u2019est pas rare que les gens se montrent trop critiques \u00e0 l\u2019\u00e9gard de l\u2019\u00e9quipe dirigeante, se concentrant uniquement sur ses d\u00e9fauts ou ses erreurs tout en n\u00e9gligeant ses points forts et ses r\u00e9alisations.<\/p>\n<p style=\"font-weight: 400;\">Il est essentiel de reconna\u00eetre et d\u2019appr\u00e9cier les points forts d\u2019une dirigeante ou d\u2019un dirigeant pour favoriser une culture de soutien, de croissance et de collaboration. Faire bouger le curseur des changements n\u00e9cessaires sans d\u00e9stabiliser le personnel ex\u00e9cutant et la direction est un exercice d\u2019\u00e9quilibre d\u00e9licat. Ces derni\u00e8res ann\u00e9es, j\u2019ai d\u00fb apprendre beaucoup de choses en g\u00e9rant les changements sismiques \u00e0 l\u2019Universit\u00e9 de l\u2019EMNO. L\u2019apprentissage de la gestion de l\u2019impact, parfois \u00e9motionnel, du changement sur chacun a \u00e9t\u00e9 un cheminement int\u00e9ressant pour toute notre \u00e9quipe de direction.<\/p>\n<p style=\"font-weight: 400;\">Mon message est le suivant\u00a0: nous avan\u00e7ons tous dans la m\u00eame direction pour r\u00e9aliser notre mandat et am\u00e9liorer l\u2019\u00e9ducation et la recherche en mati\u00e8re de soins de sant\u00e9 dans le nord de l\u2019Ontario. Continuons \u00e0 faire du bon travail et g\u00e9rons le changement comme nous g\u00e9rons tout le reste\u00a0: avec la d\u00e9termination, l\u2019ing\u00e9niosit\u00e9 et la r\u00e9silience qui nous caract\u00e9rise.<\/p>\n<p style=\"font-weight: 400;\">Un dernier mot sur l\u2019\u00e9quit\u00e9 en mati\u00e8re de sant\u00e9 et sur la responsabilit\u00e9 sociale.<\/p>\n<p style=\"font-weight: 400;\"><a href=\"https:\/\/www.nosm.ca\/wp-content\/uploads\/2024\/04\/Tweet.png\"><img loading=\"lazy\" decoding=\"async\" class=\"alignleft wp-image-67867 size-full\" src=\"https:\/\/www.nosm.ca\/wp-content\/uploads\/2024\/04\/Tweet.png\" alt=\"A tweet by MPP Sol Mamakwa with a photo of a fruit salad. Price tag: $30.35.\" width=\"614\" height=\"742\" srcset=\"https:\/\/www.nosm.ca\/wp-content\/uploads\/2024\/04\/Tweet.png 614w, https:\/\/www.nosm.ca\/wp-content\/uploads\/2024\/04\/Tweet-248x300.png 248w\" sizes=\"auto, (max-width: 614px) 100vw, 614px\" \/><\/a>Qu\u2019avons-nous ici?<\/p>\n<p style=\"font-weight: 400;\"><em>Cette photo a \u00e9t\u00e9 publi\u00e9e sur les m\u00e9dias sociaux par Sol Mamakwa, d\u00e9put\u00e9 de Kiiwetinoong, afin d\u2019attirer l\u2019attention sur la question de l\u2019ins\u00e9curit\u00e9 alimentaire dans le Nord.<\/em><\/p>\n<p style=\"font-weight: 400;\">Il est scandaleux que le co\u00fbt des aliments nutritifs soit si \u00e9lev\u00e9 dans le nord de l\u2019Ontario. L\u2019alimentation est un droit humain fondamental. Le r\u00e9cent rapport du Northwestern Health Unit intitul\u00e9 <a href=\"https:\/\/www.nwhu.on.ca\/media-releases\/food-insecurity-continues-to-rise-across-northwestern-ontario\/\"><em>The Real Cost of Eating Well in Northwestern Ontario<\/em><\/a> indique que le co\u00fbt de l\u2019alimentation d\u2019une famille de quatre personnes s\u2019\u00e9l\u00e8ve \u00e0 1\u00a0412,32\u00a0$ par mois. On estime qu\u2019un m\u00e9nage sur cinq dans la r\u00e9gion n\u2019a pas assez \u00e0 manger, et a encore moins acc\u00e8s aux options les plus nutritives ou culturellement appropri\u00e9es. Cela a une incidence sur le bien-\u00eatre, la pr\u00e9vention des probl\u00e8mes de sant\u00e9 ainsi que des effets d\u00e9l\u00e9t\u00e8res sur la prosp\u00e9rit\u00e9 et l\u2019avenir de notre soci\u00e9t\u00e9. Essayez ceci\u00a0: faites une recherche sur \u00ab\u00a0le co\u00fbt des produits alimentaires dans le nord de l\u2019Ontario\u00a0\u00bb et voyez par vous-m\u00eame des photos r\u00e9elles de magasins locaux. Jus d\u2019orange \u00e0 26,99\u00a0$; beurre d\u2019arachide \u00e0 11,99\u00a0$; 4\u00a0litres de lait \u00e0 10,79\u00a0$.<\/p>\n<p style=\"font-weight: 400;\">L\u2019ins\u00e9curit\u00e9 alimentaire dans le nord de l\u2019Ontario est un probl\u00e8me complexe et urgent qui a des r\u00e9percussions consid\u00e9rables sur les personnes, les familles et les communaut\u00e9s. Bien qu\u2019elles fassent partie d\u2019une province riche en ressources, de nombreuses personnes habitant le nord de l\u2019Ontario ont du mal \u00e0 acc\u00e9der r\u00e9guli\u00e8rement \u00e0 des aliments abordables et nutritifs. Trop de gens doivent choisir entre payer leur loyer, leur facture d\u2019\u00e9lectricit\u00e9 et la nourriture de leurs enfants. L\u2019Universit\u00e9 de l\u2019EMNO se penche sur cette question dans le cadre de son programme de di\u00e9t\u00e9tique, de son travail au <a href=\"https:\/\/www.arcandcentre.ca\/\">Centre D<sup>r<\/sup> Gilles Arcand pour l\u2019\u00e9quit\u00e9 en sant\u00e9<\/a> et de la recherche men\u00e9e par Joseph LeBlanc, Ph.D. et le projet <a href=\"https:\/\/www.nourishleadership.ca\/accueil\">NOURRIR LA SANT\u00c9<\/a>.<\/p>\n<p style=\"font-weight: 400;\">Comme le dit l\u2019adage, \u00ab\u00a0la seule fois o\u00f9 l\u2019on regarde dans l\u2019assiette du voisin, c\u2019est pour s\u2019assurer qu\u2019il a assez \u00e0 manger\u00a0\u00bb. Trop de gens n\u2019en ont pas assez. Nous avons tous un r\u00f4le \u00e0 jouer pour remplir les bols dans le nord de l\u2019Ontario.<\/p>\n<hr \/>\n<h1 style=\"font-weight: 400;\"><strong>Notez la date\u00a0: Journ\u00e9e de la Terre<\/strong><\/h1>\n<p style=\"font-weight: 400;\"><a href=\"https:\/\/www.nosm.ca\/wp-content\/uploads\/2024\/04\/Earth-Day-Webinar-2024-Main-Poster.jpg\"><img loading=\"lazy\" decoding=\"async\" class=\"alignleft size-medium wp-image-67868\" src=\"https:\/\/www.nosm.ca\/wp-content\/uploads\/2024\/04\/Earth-Day-Webinar-2024-Main-Poster-232x300.jpg\" alt=\"Earth Day Webinar 2024 - Main Poster\" width=\"232\" height=\"300\" srcset=\"https:\/\/www.nosm.ca\/wp-content\/uploads\/2024\/04\/Earth-Day-Webinar-2024-Main-Poster-232x300.jpg 232w, https:\/\/www.nosm.ca\/wp-content\/uploads\/2024\/04\/Earth-Day-Webinar-2024-Main-Poster-791x1024.jpg 791w, https:\/\/www.nosm.ca\/wp-content\/uploads\/2024\/04\/Earth-Day-Webinar-2024-Main-Poster-768x994.jpg 768w, https:\/\/www.nosm.ca\/wp-content\/uploads\/2024\/04\/Earth-Day-Webinar-2024-Main-Poster-1187x1536.jpg 1187w, https:\/\/www.nosm.ca\/wp-content\/uploads\/2024\/04\/Earth-Day-Webinar-2024-Main-Poster-1583x2048.jpg 1583w, https:\/\/www.nosm.ca\/wp-content\/uploads\/2024\/04\/Earth-Day-Webinar-2024-Main-Poster.jpg 1700w\" sizes=\"auto, (max-width: 232px) 100vw, 232px\" \/><\/a>Rejoignez le Comit\u00e9 d\u2019action sur les changements climatiques (CACC) de l\u2019Universit\u00e9 de l\u2019EMNO \u00e0 l\u2019occasion de la Journ\u00e9e de la Terre pour une discussion approfondie sur les r\u00e9percussions de vos investissements sur votre empreinte carbone.<\/p>\n<p><strong>\u00a022\u00a0avril 2024<\/strong> <strong>| 12\u00a0h \u00e0 13\u00a0h <\/strong><br \/>\nYouTube <a href=\"https:\/\/www.youtube.com\/@NOSMtv\"><strong>@NOSMtv<\/strong><br \/>\n<\/a><br \/>\n<strong>Conf\u00e9renciers\u00a0:<\/strong><\/p>\n<ul>\n<li>D<sup>re<\/sup> Elaine Blacklock (responsable de la sant\u00e9 plan\u00e9taire pour l\u2019Universit\u00e9 de l\u2019ENMO et pr\u00e9sidente du Comit\u00e9 d\u2019action sur les changements climatiques)<\/li>\n<li>Jean-Fran\u00e7ois D\u00e9mor\u00e9 (entrepreneur, innovateur financier et d\u00e9fenseur de l\u2019investissement durable)<\/li>\n<li>Keegan Leahy (consultant financier pour les Premi\u00e8res Nations)<\/li>\n<li>Julie Nicholls, planificatrice financi\u00e8re agr\u00e9\u00e9e (strat\u00e8ge financi\u00e8re, d\u00e9fenseuse de l\u2019investissement \u00e9thique)<\/li>\n<\/ul>\n<p style=\"font-weight: 400;\">Pour en savoir plus, visiter la page Web du <a href=\"https:\/\/www.nosm.ca\/about\/administrative-offices\/presidents-office\/action-on-climate-change-committee\/\"><strong>Comit\u00e9 d\u2019action sur les changements climatiques.<\/strong><\/a><\/p>\n<hr \/>\n<h1 style=\"font-weight: 400;\"><strong>Pr\u00e9sence de l\u2019Universit\u00e9 de l\u2019EMNO au Congr\u00e8s international de m\u00e9decine universitaire de 2024<\/strong><\/h1>\n<p style=\"font-weight: 400;\">Le samedi\u00a013\u00a0avril, la D<sup>re<\/sup> Sarita Verma et des dirigeantes et dirigeants de l\u2019EMNO ont assist\u00e9 \u00e0 la c\u00e9r\u00e9monie annuelle d\u2019intronisation au Temple de la renomm\u00e9e m\u00e9dicale canadienne (TRMC), qui s\u2019est d\u00e9roul\u00e9e dans le cadre du Congr\u00e8s international sur la m\u00e9decine universitaire (CIMU) \u00e0 Vancouver. Cette ann\u00e9e, le TRMC a d\u00e9cern\u00e9 le Prix TRMC\u00a02023 \u00e0 <a href=\"https:\/\/www.nosm.ca\/fr\/2023\/08\/23\/nosm-university-medical-student-honoured-with-national-award\/\">Taylor Murie<\/a>, une \u00e9tudiante en m\u00e9decine de l\u2019EMNO. Dans la soir\u00e9e du dimanche\u00a014\u00a0avril, la D<sup>re<\/sup> Verma a organis\u00e9 une r\u00e9ception au CIMU accueillant 55 coll\u00e8gues de la m\u00e9decine universitaire pour en apprendre davantage sur l\u2019incidence de l\u2019Universit\u00e9 de l\u2019EMNO dans le nord de l\u2019Ontario.<\/p>\n<p style=\"font-weight: 400;\"><a href=\"https:\/\/www.nosm.ca\/wp-content\/uploads\/2024\/04\/IMG_4528-scaled-e1713201474202.jpg\"><img loading=\"lazy\" decoding=\"async\" class=\"alignleft wp-image-67869 size-large\" src=\"https:\/\/www.nosm.ca\/wp-content\/uploads\/2024\/04\/IMG_4528-scaled-e1713201474202-1024x712.jpg\" alt=\"Taylor Murie, a NOSM University medical student with Dr. Verma at ICAM Reception\" width=\"474\" height=\"330\" srcset=\"https:\/\/www.nosm.ca\/wp-content\/uploads\/2024\/04\/IMG_4528-scaled-e1713201474202-1024x712.jpg 1024w, https:\/\/www.nosm.ca\/wp-content\/uploads\/2024\/04\/IMG_4528-scaled-e1713201474202-300x208.jpg 300w, https:\/\/www.nosm.ca\/wp-content\/uploads\/2024\/04\/IMG_4528-scaled-e1713201474202-768x534.jpg 768w, https:\/\/www.nosm.ca\/wp-content\/uploads\/2024\/04\/IMG_4528-scaled-e1713201474202-1536x1067.jpg 1536w, https:\/\/www.nosm.ca\/wp-content\/uploads\/2024\/04\/IMG_4528-scaled-e1713201474202-2048x1423.jpg 2048w\" sizes=\"auto, (max-width: 474px) 100vw, 474px\" \/><\/a><\/p>\n<p style=\"font-weight: 400;\"><strong><a href=\"https:\/\/www.nosm.ca\/wp-content\/uploads\/2024\/04\/IMG_4071-rotated-e1713200456507.jpg\"><img loading=\"lazy\" decoding=\"async\" class=\"alignleft wp-image-67870 size-full\" src=\"https:\/\/www.nosm.ca\/wp-content\/uploads\/2024\/04\/IMG_4071-rotated-e1713200456507.jpg\" alt=\"\" width=\"480\" height=\"352\" srcset=\"https:\/\/www.nosm.ca\/wp-content\/uploads\/2024\/04\/IMG_4071-rotated-e1713200456507.jpg 480w, https:\/\/www.nosm.ca\/wp-content\/uploads\/2024\/04\/IMG_4071-rotated-e1713200456507-300x220.jpg 300w\" sizes=\"auto, (max-width: 480px) 100vw, 480px\" \/><\/a><\/strong><\/p>\n<p>&nbsp;<\/p>\n<p style=\"font-weight: 400;\"><strong><a href=\"https:\/\/www.nosm.ca\/wp-content\/uploads\/2024\/04\/IMG_4537-scaled-e1713200586546.jpg\"><img loading=\"lazy\" decoding=\"async\" class=\"alignleft wp-image-67872 size-large\" src=\"https:\/\/www.nosm.ca\/wp-content\/uploads\/2024\/04\/IMG_4537-scaled-e1713200586546-1024x734.jpg\" alt=\"\" width=\"474\" height=\"340\" srcset=\"https:\/\/www.nosm.ca\/wp-content\/uploads\/2024\/04\/IMG_4537-scaled-e1713200586546-1024x734.jpg 1024w, https:\/\/www.nosm.ca\/wp-content\/uploads\/2024\/04\/IMG_4537-scaled-e1713200586546-300x215.jpg 300w, https:\/\/www.nosm.ca\/wp-content\/uploads\/2024\/04\/IMG_4537-scaled-e1713200586546-768x551.jpg 768w, https:\/\/www.nosm.ca\/wp-content\/uploads\/2024\/04\/IMG_4537-scaled-e1713200586546-1536x1102.jpg 1536w, https:\/\/www.nosm.ca\/wp-content\/uploads\/2024\/04\/IMG_4537-scaled-e1713200586546-2048x1469.jpg 2048w\" sizes=\"auto, (max-width: 474px) 100vw, 474px\" \/><\/a><a href=\"https:\/\/www.nosm.ca\/wp-content\/uploads\/2024\/04\/IMG_4080-rotated-e1713200482610.jpg\"><img loading=\"lazy\" decoding=\"async\" class=\"wp-image-67871 size-full alignnone\" src=\"https:\/\/www.nosm.ca\/wp-content\/uploads\/2024\/04\/IMG_4080-rotated-e1713200482610.jpg\" alt=\"\" width=\"478\" height=\"349\" srcset=\"https:\/\/www.nosm.ca\/wp-content\/uploads\/2024\/04\/IMG_4080-rotated-e1713200482610.jpg 478w, https:\/\/www.nosm.ca\/wp-content\/uploads\/2024\/04\/IMG_4080-rotated-e1713200482610-300x219.jpg 300w\" sizes=\"auto, (max-width: 478px) 100vw, 478px\" \/><\/a><\/strong><\/p>\n<hr \/>\n<h1><strong>Constellations du Nord et Connexions du Nord\u00a02024\u00a0: Ne manquez pas cette occasion!<\/strong><\/h1>\n<p style=\"font-weight: 400;\"><a href=\"https:\/\/www.nosm.ca\/wp-content\/uploads\/2024\/04\/NCC_Speakers_1200x628-1.jpg\"><img loading=\"lazy\" decoding=\"async\" class=\"aligncenter wp-image-67873 size-full\" src=\"https:\/\/www.nosm.ca\/wp-content\/uploads\/2024\/04\/NCC_Speakers_1200x628-1.jpg\" alt=\"\" width=\"1200\" height=\"628\" srcset=\"https:\/\/www.nosm.ca\/wp-content\/uploads\/2024\/04\/NCC_Speakers_1200x628-1.jpg 1200w, https:\/\/www.nosm.ca\/wp-content\/uploads\/2024\/04\/NCC_Speakers_1200x628-1-300x157.jpg 300w, https:\/\/www.nosm.ca\/wp-content\/uploads\/2024\/04\/NCC_Speakers_1200x628-1-1024x536.jpg 1024w, https:\/\/www.nosm.ca\/wp-content\/uploads\/2024\/04\/NCC_Speakers_1200x628-1-768x402.jpg 768w\" sizes=\"auto, (max-width: 1200px) 100vw, 1200px\" \/><\/a><\/p>\n<p style=\"font-weight: 400;\">Constellations du Nord et Connexions du Nord est la plus importante conf\u00e9rence du nord de l\u2019Ontario pour le perfectionnement professionnel du personnel enseignant en m\u00e9decine et en sciences de la sant\u00e9. Elle aura lieu du 2 au 4\u00a0mai 2024 au Delta Toronto Airport and Conference Centre. Les participantes et participants pourront \u00e9tablir des liens avec leurs pairs, suivre des formations m\u00e9dicales continues, se tenir au courant des meilleures pratiques cliniques, faire l\u2019exp\u00e9rience d\u2019une formation pratique par simulation et d\u00e9velopper leurs comp\u00e9tences en mati\u00e8re de leadership et d\u2019enseignement. Cette conf\u00e9rence promet d\u2019offrir une exp\u00e9rience pertinente aux professionnelles et professionnels de la sant\u00e9 et aux apprenantes et apprenants du nord de l\u2019Ontario et des r\u00e9gions rurales et \u00e9loign\u00e9es.<\/p>\n<p style=\"font-weight: 400;\">Pour plus d\u2019informations et pour vous inscrire, visiter le <a href=\"https:\/\/event.fourwaves.com\/ncc2024\/pages\">site Web de la conf\u00e9rence<\/a>.<\/p>\n<hr \/>\n<h1><strong>Inscrivez-vous maintenant\u00a0: Forum pannordique sur le leadership <\/strong><\/h1>\n<p style=\"font-weight: 400;\"><a href=\"https:\/\/www.nosm.ca\/wp-content\/uploads\/2024\/04\/unnamed-52.jpg\"><img loading=\"lazy\" decoding=\"async\" class=\"aligncenter wp-image-67877 size-full\" src=\"https:\/\/www.nosm.ca\/wp-content\/uploads\/2024\/04\/unnamed-52.jpg\" alt=\"Northern Light 2024 banner\" width=\"1200\" height=\"355\" srcset=\"https:\/\/www.nosm.ca\/wp-content\/uploads\/2024\/04\/unnamed-52.jpg 1200w, https:\/\/www.nosm.ca\/wp-content\/uploads\/2024\/04\/unnamed-52-300x89.jpg 300w, https:\/\/www.nosm.ca\/wp-content\/uploads\/2024\/04\/unnamed-52-1024x303.jpg 1024w, https:\/\/www.nosm.ca\/wp-content\/uploads\/2024\/04\/unnamed-52-768x227.jpg 768w\" sizes=\"auto, (max-width: 1200px) 100vw, 1200px\" \/><\/a><\/p>\n<p style=\"font-weight: 400;\">Le Forum pannordique sur le leadership s\u2019adresse au personnel enseignant, aux pr\u00e9ceptrices et pr\u00e9cepteurs et aux administratrices et administrateurs du nord de l\u2019Ontario. Nous sommes conscients qu\u2019une formation plus pratique sur les comp\u00e9tences en leadership est b\u00e9n\u00e9fique pour diriger des \u00e9quipes de toutes tailles et de toutes disciplines dans le secteur des soins de sant\u00e9 du nord de l\u2019Ontario.<\/p>\n<p style=\"font-weight: 400;\">En partenariat avec l\u2019EPPP de l\u2019Universit\u00e9 de l\u2019EMNO, le Coll\u00e8ge canadien des leaders en sant\u00e9 organise un atelier d\u2019une journ\u00e9e enti\u00e8re adapt\u00e9 aux diff\u00e9rents r\u00f4les de leadership au sein du syst\u00e8me de soins de sant\u00e9 du nord de l\u2019Ontario.<\/p>\n<p style=\"font-weight: 400;\">Les sujets sont\u00a0:<\/p>\n<ul>\n<li><strong>Comment d\u00e9fendre efficacement une cause dans un environnement pauvre en ressources?<\/strong><em>avec la D<sup>re<\/sup> Jillie Retson, Universit\u00e9 de l\u2019EMNO<\/em><\/li>\n<li><strong>L\u2019harmonisation des soins de sant\u00e9 <\/strong><em>avec Keith Adamson, Factor-Inwentash Faculty of Social Work, Universit\u00e9 de Toronto<\/em><\/li>\n<li><strong>La gestion du temps<\/strong><em> avec Jaason Geerts et Shiyen Shu, Coll\u00e8ge canadien des leaders en sant\u00e9<\/em><\/li>\n<li><strong>Diriger des r\u00e9unions efficaces<\/strong> <em>avec Jaason Geerts et Shiyen Shu, Coll\u00e8ge canadien des leaders en sant\u00e9<\/em><\/li>\n<\/ul>\n<p style=\"font-weight: 400;\"><strong>Quand?<br \/>\n<\/strong>Le 2\u00a0mai 2024, au Delta Toronto Airport and Conference Centre.<\/p>\n<p style=\"font-weight: 400;\"><strong>Qui devrait s\u2019inscrire?<br \/>\n<\/strong>L\u2019atelier s\u2019adresse aux professionnels de la sant\u00e9 \u00e0 tous les niveaux, y compris \u00e0 ceux qui en sont \u00e0 leur premi\u00e8re ann\u00e9e de pratique et les professionnels de haut niveau.<\/p>\n<p style=\"font-weight: 400;\">Joignez-vous \u00e0 nous pour d\u00e9velopper vos comp\u00e9tences en leadership et apprendre de vos coll\u00e8gues de tout le nord de l\u2019Ontario. <a href=\"https:\/\/nosm.us13.list-manage.com\/track\/click?u=073b7a1c0a20cce0bd7dff7b1&amp;id=392249b508&amp;e=9ec128699e\"><strong>Inscrivez-vous aujourd\u2019hui!<\/strong><\/a><\/p>\n<hr \/>\n<h1><strong>C\u00e9l\u00e9bration des accomplissements de l\u2019Universit\u00e9 de l\u2019EMNO\u00a0: le 3\u00a0mai<\/strong><\/h1>\n<p style=\"font-weight: 400;\"><a href=\"https:\/\/www.nosm.ca\/wp-content\/uploads\/2024\/04\/NC-Awards-2023-050523-0030.jpg\"><img loading=\"lazy\" decoding=\"async\" class=\"aligncenter wp-image-67876 size-full\" src=\"https:\/\/www.nosm.ca\/wp-content\/uploads\/2024\/04\/NC-Awards-2023-050523-0030.jpg\" alt=\"Northern Constellations and Achievement Awards 2023\" width=\"1200\" height=\"800\" srcset=\"https:\/\/www.nosm.ca\/wp-content\/uploads\/2024\/04\/NC-Awards-2023-050523-0030.jpg 1200w, https:\/\/www.nosm.ca\/wp-content\/uploads\/2024\/04\/NC-Awards-2023-050523-0030-300x200.jpg 300w, https:\/\/www.nosm.ca\/wp-content\/uploads\/2024\/04\/NC-Awards-2023-050523-0030-1024x683.jpg 1024w, https:\/\/www.nosm.ca\/wp-content\/uploads\/2024\/04\/NC-Awards-2023-050523-0030-768x512.jpg 768w\" sizes=\"auto, (max-width: 1200px) 100vw, 1200px\" \/><\/a><\/p>\n<p style=\"font-weight: 400;\">R\u00e9unissons-nous pour c\u00e9l\u00e9brer les r\u00e9alisations remarquables de nos pairs et coll\u00e8gues. C\u2019est une soir\u00e9e de fiert\u00e9, d\u2019inspiration et de c\u00e9l\u00e9bration que vous ne voudrez pas manquer!<\/p>\n<p style=\"font-weight: 400;\"><strong>D\u00e9j\u00e0 inscrit \u00e0 la conf\u00e9rence Constellation du Nord et Connexions du Nord? <\/strong>Vous avez de la chance! Votre inscription vous donne automatiquement acc\u00e8s \u00e0 la C\u00e9l\u00e9bration des accomplissements du 3\u00a0mai \u2013 <u>aucune inscription suppl\u00e9mentaire n\u2019est n\u00e9cessaire<\/u>! R\u00e9servez cette date et rejoignez-nous pour une soir\u00e9e inspirante de c\u00e9l\u00e9bration et de r\u00e9seautage.<\/p>\n<p style=\"font-weight: 400;\"><strong>Vous pr\u00e9voyez participer \u00e0 la conf\u00e9rence en tant qu\u2019invit\u00e9 ou uniquement aux programmes de la pr\u00e9conf\u00e9rence?<\/strong> <a href=\"https:\/\/event.fourwaves.com\/ncc2024\/pages\/7ca525b6-a018-4d96-9994-aafcfa3675e1\"><strong>Inscrivez-vous \u00e0 la c\u00e9r\u00e9monie de c\u00e9l\u00e9bration des accomplissements de l\u2019Universit\u00e9 de l\u2019EMNO ici<\/strong><\/a>.<\/p>\n<hr \/>\n<h1><strong>C\u00e9r\u00e9monies de collation des grades de l\u2019Universit\u00e9 de l\u2019EMNO\u00a0: 24 et 31\u00a0mai <\/strong><\/h1>\n<p style=\"font-weight: 400;\">Au nom de la D<sup>re<\/sup> Sarita Verma, rectrice, vice-chanceli\u00e8re, doyenne et PDG de l\u2019Universit\u00e9 de l\u2019EMNO, et du S\u00e9nat de l\u2019Universit\u00e9 de l\u2019EMNO, vous \u00eates invit\u00e9s \u00e0 regarder les c\u00e9r\u00e9monies de collation des grades et de remise des dipl\u00f4mes du printemps\u00a02024 sur <a href=\"https:\/\/www.youtube.com\/@NOSMtv\">YouTube @NOSMtv<\/a>.<\/p>\n<p style=\"font-weight: 400;\"><strong>C\u00e9r\u00e9monie de collation des grades de Thunder Bay<\/strong><br \/>\nVendredi\u00a024\u00a0mai 2024 \u00e0 16\u00a0h<\/p>\n<p style=\"font-weight: 400;\"><strong>C\u00e9r\u00e9monie de collation des grades de Sudbury<\/strong><br \/>\nVendredi\u00a031\u00a0mai 2024 \u00e0 16\u00a0h<\/p>\n<p style=\"font-weight: 400;\">Pour toute question, veuillez visiter le site Web <a href=\"https:\/\/www.nosm.ca\/education\/current-learners\/convocation\">Collation des grades<\/a>.<\/p>\n<hr \/>\n<h1><strong>Conf\u00e9rence sur la recherche en sant\u00e9 dans le Nord\u00a0: 10-11 juin<\/strong><\/h1>\n<p style=\"font-weight: 400;\"><a href=\"https:\/\/www.nosm.ca\/wp-content\/uploads\/2024\/04\/NHRC-2022-Twitter-Social-Post.jpg\"><img loading=\"lazy\" decoding=\"async\" class=\"aligncenter wp-image-67875 size-full\" src=\"https:\/\/www.nosm.ca\/wp-content\/uploads\/2024\/04\/NHRC-2022-Twitter-Social-Post.jpg\" alt=\"\" width=\"1067\" height=\"533\" srcset=\"https:\/\/www.nosm.ca\/wp-content\/uploads\/2024\/04\/NHRC-2022-Twitter-Social-Post.jpg 1067w, https:\/\/www.nosm.ca\/wp-content\/uploads\/2024\/04\/NHRC-2022-Twitter-Social-Post-300x150.jpg 300w, https:\/\/www.nosm.ca\/wp-content\/uploads\/2024\/04\/NHRC-2022-Twitter-Social-Post-1024x512.jpg 1024w, https:\/\/www.nosm.ca\/wp-content\/uploads\/2024\/04\/NHRC-2022-Twitter-Social-Post-768x384.jpg 768w\" sizes=\"auto, (max-width: 1067px) 100vw, 1067px\" \/><\/a><\/p>\n<p style=\"font-weight: 400;\">La Conf\u00e9rence sur la recherche en sant\u00e9 dans le nord (CRSN) 2024 aura lieu les 10 et 11\u00a0juin 2024 \u00e0 Sudbury, en Ontario. La conf\u00e9rence d\u00e9montre l\u2019engagement de l\u2019Universit\u00e9 de l\u2019EMNO en mati\u00e8re de soins de sant\u00e9 et d\u2019\u00e9ducation pour les personnes habitant le Nord de l\u2019Ontario et au-del\u00e0, et explore les activit\u00e9s de recherche au sein de cette r\u00e9gion d\u00e9coulant d\u2019activit\u00e9s communautaires. Elle met en lumi\u00e8re les projets en cours des \u00e9tudiantes et \u00e9tudiants, des r\u00e9sidentes et r\u00e9sidents et des chercheuses et chercheurs communautaires. La conf\u00e9rence offre des possibilit\u00e9s de collaboration et de mise en r\u00e9seau des communaut\u00e9s.<\/p>\n<p style=\"font-weight: 400;\">Les pan\u00e9listes de 2024 pr\u00e9senteront la s\u00e9ance <strong>\u00ab<\/strong>\u00a0<strong><em>Advancing Health Equity Research: A Learning Collaborative Network Approach at NOSM University (Faire progresser la recherche sur l\u2019\u00e9quit\u00e9 en mati\u00e8re de sant\u00e9\u00a0: une approche de r\u00e9seau d\u2019apprentissage et de collaboration \u00e0 l\u2019Universit\u00e9 de l\u2019EMNO)\u00a0\u00bb<\/em><\/strong>.<\/p>\n<p style=\"font-weight: 400;\">Les principaux pan\u00e9listes sont\u00a0:<\/p>\n<ul>\n<li>Le <strong>D<sup>r<\/sup> Alex Anawati<\/strong>, professeur agr\u00e9g\u00e9 \u00e0 la Division des sciences cliniques de l\u2019Universit\u00e9 de l\u2019EMNO, m\u00e9decin urgentiste et responsable clinique de la responsabilit\u00e9 sociale \u00e0 Horizon Sant\u00e9-Nord, et coresponsable du SAFE for Health Institutions Project.<\/li>\n<li><strong>Erin Cameron<\/strong>, Ph.D., professeure agr\u00e9g\u00e9e \u00e0 l\u2019Universit\u00e9 de l\u2019EMNO \u00e0 la Division des sciences humaines et directrice universitaire du Centre D<sup>r<\/sup> Gilles Arcand pour l\u2019\u00e9quit\u00e9 en sant\u00e9.<\/li>\n<li><strong>Joseph LeBlanc<\/strong>, Ph.D., doyen associ\u00e9 de l\u2019\u00e9quit\u00e9 et de l\u2019inclusion \u00e0 l\u2019Universit\u00e9 de l\u2019EMNO et responsable de l\u2019initiative de leadership en mati\u00e8re de sant\u00e9 NOURRIR la sant\u00e9.<\/li>\n<li><strong>Brianne Wood<\/strong>, Ph.D., scientifique associ\u00e9e \u00e0 la responsabilit\u00e9 sociale et \u00e0 l\u2019apprentissage des syst\u00e8mes de sant\u00e9, conjointement au Thunder Bay Regional Health Research Institute et \u00e0 l\u2019Universit\u00e9 de l\u2019EMNO.<\/li>\n<li>La<strong> D<sup>re<\/sup> Barb Zelek, <\/strong>m\u00e9decin- g\u00e9n\u00e9raliste rurale, professeure et cheffe de la Division des sciences cliniques \u00e0 l\u2019Universit\u00e9 de l\u2019EMNO, et d\u00e9fenseuse passionn\u00e9e de la recherche sur les soins primaires.<\/li>\n<\/ul>\n<p>&nbsp;<\/p>","protected":false},"excerpt":{"rendered":"<p>Le printemps est dans l\u2019air, et le changement aussi! Tout d\u2019abord, je tiens \u00e0 remercier sinc\u00e8rement et du fond du c\u0153ur nos dirigeantes et nos dirigeants, notre personnel, nos enseignante et notre corps professoral et notre client\u00e8le \u00e9tudiante. Je crains de ne pas reconna\u00eetre suffisamment votre travail. La reconnaissance du travail et du d\u00e9vouement des &hellip; <a href=\"https:\/\/www.nosm.ca\/fr\/2024\/04\/18\/gratitude-change-and-filling-up-bowls\/\" class=\"more-link\">Continue reading <span class=\"screen-reader-text\">Gratitude, changement \u2013 et remplissage des bols<\/span> <span class=\"meta-nav\">&rarr;<\/span><\/a><\/p>\n","protected":false},"author":16,"featured_media":0,"comment_status":"closed","ping_status":"closed","sticky":false,"template":"","format":"standard","meta":{"_acf_changed":false,"footnotes":""},"categories":[167],"tags":[],"class_list":["post-67865","post","type-post","status-publish","format-standard","hentry","category-dean"],"acf":[],"_links":{"self":[{"href":"https:\/\/www.nosm.ca\/fr\/wp-json\/wp\/v2\/posts\/67865","targetHints":{"allow":["GET"]}}],"collection":[{"href":"https:\/\/www.nosm.ca\/fr\/wp-json\/wp\/v2\/posts"}],"about":[{"href":"https:\/\/www.nosm.ca\/fr\/wp-json\/wp\/v2\/types\/post"}],"author":[{"embeddable":true,"href":"https:\/\/www.nosm.ca\/fr\/wp-json\/wp\/v2\/users\/16"}],"replies":[{"embeddable":true,"href":"https:\/\/www.nosm.ca\/fr\/wp-json\/wp\/v2\/comments?post=67865"}],"version-history":[{"count":11,"href":"https:\/\/www.nosm.ca\/fr\/wp-json\/wp\/v2\/posts\/67865\/revisions"}],"predecessor-version":[{"id":68056,"href":"https:\/\/www.nosm.ca\/fr\/wp-json\/wp\/v2\/posts\/67865\/revisions\/68056"}],"wp:attachment":[{"href":"https:\/\/www.nosm.ca\/fr\/wp-json\/wp\/v2\/media?parent=67865"}],"wp:term":[{"taxonomy":"category","embeddable":true,"href":"https:\/\/www.nosm.ca\/fr\/wp-json\/wp\/v2\/categories?post=67865"},{"taxonomy":"post_tag","embeddable":true,"href":"https:\/\/www.nosm.ca\/fr\/wp-json\/wp\/v2\/tags?post=67865"}],"curies":[{"name":"wp","href":"https:\/\/api.w.org\/{rel}","templated":true}]}}