{"id":66134,"date":"2024-01-19T14:40:19","date_gmt":"2024-01-19T19:40:19","guid":{"rendered":"https:\/\/www.nosm.ca\/?p=66134"},"modified":"2024-01-19T14:40:19","modified_gmt":"2024-01-19T19:40:19","slug":"national-award-recognizes-nosm-universitys-contributions-to-northern-ontarios-francophone-community","status":"publish","type":"post","link":"https:\/\/www.nosm.ca\/fr\/2024\/01\/19\/national-award-recognizes-nosm-universitys-contributions-to-northern-ontarios-francophone-community\/","title":{"rendered":"Un prix national r\u00e9compense les contributions de l&rsquo;Universit\u00e9 de l&rsquo;EMNO \u00e0 la communaut\u00e9 francophone du Nord de l&rsquo;Ontario"},"content":{"rendered":"<p><\/p>\n<p style=\"font-weight: 400;\"><strong>(De gauche \u00e0 droite) <\/strong>Danielle Barbeau-Rodrigue, directrice du Bureau des affaires francophones, D<sup>re<\/sup> Nicole Ranger, membre du corps professoral responsable de \u00ab Voie vers la m\u00e9decine en fran\u00e7ais \u00bb, et D<sup>re<\/sup> Sarita Verma, rectrice, vice-chanceli\u00e8re, doyenne et PDG de l&rsquo;Universit\u00e9 de l&rsquo;EMNO, avec le prix de la Soci\u00e9t\u00e9 Sant\u00e9 en fran\u00e7ais.<\/p>\n<hr \/>\n<p style=\"font-weight: 400;\">L\u2019Universit\u00e9 de l&rsquo;EMNO est fi\u00e8re co-laur\u00e9ate d\u2019un prix national d\u2019excellence en engagement communautaire francophone.<\/p>\n<p style=\"font-weight: 400;\">Le Prix de l\u2019engagement de la communaut\u00e9, d\u00e9cern\u00e9 chaque ann\u00e9e par la Soci\u00e9t\u00e9 Sant\u00e9 en fran\u00e7ais, vise \u00e0 reconna\u00eetre les organisations ayant r\u00e9ussi de mani\u00e8re exceptionnelle \u00e0 engager la communaut\u00e9 francophone dans l\u2019\u00e9valuation de ses besoins et la d\u00e9termination de la nature et de la forme des services mis en place pour assurer des services de qualit\u00e9 \u00e0 la communaut\u00e9 francophone en milieu minoritaire.<\/p>\n<p style=\"font-weight: 400;\">L&rsquo;Universit\u00e9 de l&rsquo;EMNO a \u00e9t\u00e9 r\u00e9compens\u00e9e pour ses diverses initiatives visant \u00e0 am\u00e9liorer les services de sant\u00e9 pour les francophones. Ces initiatives consistent notamment \u00e0 s&rsquo;assurer que les francophones repr\u00e9sentent de 20 \u00e0 25 % de la population \u00e9tudiante en m\u00e9decine et \u00e0 rendre obligatoire la formation pour que la population \u00e9tudiante en m\u00e9decine sache <a href=\"https:\/\/www.nosm.ca\/fr\/2023\/06\/29\/new-active-offer-training-module-increases-equitable-access-to-care-for-francophones-in-northern-ontario\/\">offrir activement<\/a> des services de sant\u00e9 en fran\u00e7ais dans toutes les interactions avec les patients. L&rsquo;Universit\u00e9 de l&rsquo;EMNO offre \u00e9galement une vari\u00e9t\u00e9 de formations m\u00e9dicales en fran\u00e7ais, y compris la nouvelle initiative <a href=\"https:\/\/www.nosm.ca\/fr\/2023\/09\/14\/new-nosm-university-francophone-curricular-initiative-addresses-health-inequities-in-the-north-2\/\">\u00ab Voie vers la m\u00e9decine en fran\u00e7ais \u00bb<\/a>, ainsi que des possibilit\u00e9s cliniques avec des pr\u00e9cepteurs francophones pendant les \u00e9tudes de m\u00e9decine et la r\u00e9sidence, et des possibilit\u00e9s de perfectionnement professionnel en fran\u00e7ais.<\/p>\n<p style=\"font-weight: 400;\">Le Bureau des affaires francophones et le Groupe consultatif francophone de l&rsquo;Universit\u00e9 de l&rsquo;EMNO aident \u00e0 assurer une solide repr\u00e9sentation francophone dans toutes les activit\u00e9s de l\u2019Universit\u00e9.<\/p>\n<p style=\"font-weight: 400;\">\u00ab Le travail de l&rsquo;Universit\u00e9 de l&rsquo;EMNO se poursuit sur plusieurs fronts afin d&rsquo;assurer l&rsquo;int\u00e9gration de la culture francophone dans la formation en sant\u00e9. L&rsquo;Universit\u00e9 reconna\u00eet l&rsquo;importance de vivre, de travailler et d&rsquo;\u00e9tudier en fran\u00e7ais, quel que soit le lieu de r\u00e9sidence des francophones, et de contribuer concr\u00e8tement au d\u00e9veloppement de la communaut\u00e9 francophone \u00bb a d\u00e9clar\u00e9 Diane Quintas, directrice g\u00e9n\u00e9rale du R\u00e9seau du mieux-\u00eatre francophone du Nord de l&rsquo;Ontario, qui a propos\u00e9 la candidature de l&rsquo;Universit\u00e9 de l&rsquo;EMNO pour ce prix.<\/p>\n<p style=\"font-weight: 400;\">\u00ab C\u2019est un honneur d&rsquo;avoir \u00e9t\u00e9 nomm\u00e9s par nos partenaires du R\u00e9seau et d&rsquo;\u00eatre r\u00e9compens\u00e9s par ce prix national, a dit la D<sup>re<\/sup> Sarita Verma, rectrice, vice-chanceli\u00e8re, doyenne et PDG de l&rsquo;Universit\u00e9 de l&rsquo;EMNO. Le mandat fondamental de notre universit\u00e9 est la responsabilit\u00e9 sociale, c&rsquo;est-\u00e0-dire r\u00e9pondre aux besoins uniques en mati\u00e8re de soins de sant\u00e9 de la population du Nord de l&rsquo;Ontario, y compris les communaut\u00e9s francophones. Ce travail fait partie int\u00e9grante de notre responsabilit\u00e9 sociale et renforce l&rsquo;impact positif que nos dipl\u00f4m\u00e9es et dipl\u00f4m\u00e9s auront dans la prestation des soins de sant\u00e9. \u00bb<\/p>\n<p style=\"font-weight: 400;\">Les laur\u00e9ats de 2023 ont \u00e9t\u00e9 annonc\u00e9s lors de l&rsquo;assembl\u00e9e g\u00e9n\u00e9rale annuelle de la Soci\u00e9t\u00e9 Sant\u00e9 en fran\u00e7ais, le 28 septembre 2023. L&rsquo;Universit\u00e9 de l&rsquo;EMNO partage le prix avec Retraite active de Peel, un groupe de retrait\u00e9s actifs bas\u00e9 \u00e0 Peel, en Ontario.<\/p>\n<p style=\"font-weight: 400;\">La D<sup>re<\/sup> Nicole Ranger, membre du corps professoral responsable de \u00ab Voie vers la m\u00e9decine en fran\u00e7ais \u00bb, et Danielle Barbeau-Rodrigue, directrice du Bureau des affaires francophones ont assist\u00e9 \u00e0 l\u2019assembl\u00e9e g\u00e9n\u00e9rale annuelle pour recevoir le prix. Elles ont remerci\u00e9 le R\u00e9seau d\u2019avoir propos\u00e9 l\u2019Universit\u00e9 et la Soci\u00e9t\u00e9 Sant\u00e9 en fran\u00e7ais pour cette reconnaissance.<\/p>\n<p><\/p>","protected":false},"excerpt":{"rendered":"<p>(De gauche \u00e0 droite) Danielle Barbeau-Rodrigue, directrice du Bureau des affaires francophones, Dre Nicole Ranger, membre du corps professoral responsable de \u00ab Voie vers la m\u00e9decine en fran\u00e7ais \u00bb, et Dre Sarita Verma, rectrice, vice-chanceli\u00e8re, doyenne et PDG de l&rsquo;Universit\u00e9 de l&rsquo;EMNO, avec le prix de la Soci\u00e9t\u00e9 Sant\u00e9 en fran\u00e7ais. L\u2019Universit\u00e9 de l&rsquo;EMNO est &hellip; <a href=\"https:\/\/www.nosm.ca\/fr\/2024\/01\/19\/national-award-recognizes-nosm-universitys-contributions-to-northern-ontarios-francophone-community\/\" class=\"more-link\">Continue reading <span class=\"screen-reader-text\">Un prix national r\u00e9compense les contributions de l&rsquo;Universit\u00e9 de l&rsquo;EMNO \u00e0 la communaut\u00e9 francophone du Nord de l&rsquo;Ontario<\/span> <span class=\"meta-nav\">&rarr;<\/span><\/a><\/p>\n","protected":false},"author":313,"featured_media":0,"comment_status":"closed","ping_status":"closed","sticky":false,"template":"","format":"standard","meta":{"_acf_changed":false,"footnotes":""},"categories":[404,135,16],"tags":[],"class_list":["post-66134","post","type-post","status-publish","format-standard","hentry","category-francophone-features","category-gallery","category-spotlight"],"acf":[],"_links":{"self":[{"href":"https:\/\/www.nosm.ca\/fr\/wp-json\/wp\/v2\/posts\/66134","targetHints":{"allow":["GET"]}}],"collection":[{"href":"https:\/\/www.nosm.ca\/fr\/wp-json\/wp\/v2\/posts"}],"about":[{"href":"https:\/\/www.nosm.ca\/fr\/wp-json\/wp\/v2\/types\/post"}],"author":[{"embeddable":true,"href":"https:\/\/www.nosm.ca\/fr\/wp-json\/wp\/v2\/users\/313"}],"replies":[{"embeddable":true,"href":"https:\/\/www.nosm.ca\/fr\/wp-json\/wp\/v2\/comments?post=66134"}],"version-history":[{"count":1,"href":"https:\/\/www.nosm.ca\/fr\/wp-json\/wp\/v2\/posts\/66134\/revisions"}],"predecessor-version":[{"id":66136,"href":"https:\/\/www.nosm.ca\/fr\/wp-json\/wp\/v2\/posts\/66134\/revisions\/66136"}],"wp:attachment":[{"href":"https:\/\/www.nosm.ca\/fr\/wp-json\/wp\/v2\/media?parent=66134"}],"wp:term":[{"taxonomy":"category","embeddable":true,"href":"https:\/\/www.nosm.ca\/fr\/wp-json\/wp\/v2\/categories?post=66134"},{"taxonomy":"post_tag","embeddable":true,"href":"https:\/\/www.nosm.ca\/fr\/wp-json\/wp\/v2\/tags?post=66134"}],"curies":[{"name":"wp","href":"https:\/\/api.w.org\/{rel}","templated":true}]}}