{"id":57630,"date":"2022-11-29T17:07:30","date_gmt":"2022-11-29T22:07:30","guid":{"rendered":"https:\/\/www.nosm.ca\/?p=57630"},"modified":"2022-11-29T17:07:30","modified_gmt":"2022-11-29T22:07:30","slug":"a-season-of-change-and-giving","status":"publish","type":"post","link":"https:\/\/www.nosm.ca\/fr\/2022\/11\/29\/a-season-of-change-and-giving\/","title":{"rendered":"Une saison de changement et de don"},"content":{"rendered":"<p>Cette premi\u00e8re chute de neige donne un aper\u00e7u d\u2019un des aspects les lus importants des saisons\u00a0: le changement. Et de grands changement se sont produits \u00e0 l&rsquo;Universit\u00e9 de l&rsquo;EMNO.<\/p>\n<p>Jeudi dernier fut une journ\u00e9e monumentale. Plus de 400 personnes se sont jointes \u00e0 nous en personne et en ligne lorsque Mme Joy Warkentin, la nouvelle pr\u00e9sident du conseil d\u2019administration, et moi avons pr\u00e9sent\u00e9 la toute premi\u00e8re chanceli\u00e8re et le tout nouveau conseil de l&rsquo;Universit\u00e9 de l&rsquo;EMNO.<\/p>\n<p>C\u2019est un honneur d\u2019avoir Cindy Blackstock, activiste autochtone r\u00e9put\u00e9e dans le domaine des droits des enfants et des familles et membre de la Premi\u00e8re Nation de Gitxsan, comme premi\u00e8re chanceli\u00e8re de l\u2019Universit\u00e9 de l\u2019EMNO,<\/p>\n<p>Mme Blackstock incarne les valeurs de la justice sociale, du respect et de l\u2019int\u00e9grit\u00e9. Dans ses fonctions de chanceli\u00e8re, sa t\u00e9nacit\u00e9, son leadership inspirant et son courage moral in\u00e9branlables seront la marque de la premi\u00e8re universit\u00e9 de m\u00e9decine du Canada, le seul \u00e9tablissement du pays dot\u00e9 d\u2019une responsabilit\u00e9 sociale explicite.<\/p>\n<p><iframe loading=\"lazy\" title=\"NOSM University\u2019s inaugural Chancellor\" width=\"474\" height=\"267\" src=\"https:\/\/www.youtube.com\/embed\/vGhlKy6XY54?feature=oembed\" frameborder=\"0\" allow=\"accelerometer; autoplay; clipboard-write; encrypted-media; gyroscope; picture-in-picture; web-share\" referrerpolicy=\"strict-origin-when-cross-origin\" allowfullscreen><\/iframe><\/p>\n<p>Parmi ses innombrables accomplissements, Mme Blackstock est co-fondatrice de la Soci\u00e9t\u00e9 de soutien \u00e0 l\u2019enfance et \u00e0 la famille des Premi\u00e8res Nations, et professeure \u00e0 la McGill University. Elle commencera son mandat de quatre ans en tant que chanceli\u00e8re et sera intronis\u00e9e lors de la premi\u00e8re collation des grades de l\u2019Universit\u00e9 de l\u2019EMNO le 26 mai 2023.<\/p>\n<p>S\u2019il vous a \u00e9t\u00e9 impossible d\u2019assister \u00e0 l\u2019annonce jeudi dernier, vous pouvez la voir sur le\u00a0<a href=\"https:\/\/nosm.us3.list-manage.com\/track\/click?u=fc05ca9673eac8567682496b2&amp;id=e50992be6d&amp;e=d94af2aab7\" target=\"_blank\" rel=\"noopener\" data-saferedirecturl=\"https:\/\/www.google.com\/url?q=https:\/\/nosm.us3.list-manage.com\/track\/click?u%3Dfc05ca9673eac8567682496b2%26id%3De50992be6d%26e%3Dd94af2aab7&amp;source=gmail&amp;ust=1669845197665000&amp;usg=AOvVaw0bImF4j7v1KZUoS5dDY-5G\">canal YouTube<\/a>\u00a0de l&rsquo;Universit\u00e9 de l&rsquo;EMNO.<\/p>\n<div>Jeudi dernier, l\u2019Universit\u00e9 de l\u2019EMNO a aussi accueilli\u00a0son nouveau conseil d\u2019administration. Chaque personne apporte une exp\u00e9rience et des comp\u00e9tences importantes ainsi qu\u2019un engagement envers le travail essentiel de l\u2019Universit\u00e9 de l\u2019EMNO pour am\u00e9liorer la sant\u00e9 et le bien-\u00eatre de la population du Nord de l\u2019Ontario.\u00a0Je f\u00e9licite sinc\u00e8rement\u00a0:<\/p>\n<ul>\n<li>Craig Abotossaway<\/li>\n<li>Imran Bagha<\/li>\n<li>John Beaucage<\/li>\n<li>Cindy Blackstock (PhD)<\/li>\n<li>Angela Carter<\/li>\n<li>Kristy C\u00f4t\u00e9 (PhD)<\/li>\n<li>Mark Hartman<\/li>\n<li>Mark Hurst<\/li>\n<li>Nancy Jacko<\/li>\n<li>Virginia May Katt<\/li>\n<li>Ashley Larose<\/li>\n<li>Sue LeBeau<\/li>\n<li>Dawn Morissette<\/li>\n<li>D<sup>r<\/sup>\u00a0Shemer Ratner<\/li>\n<li>Susan Soldan<\/li>\n<li>John P. Stenger<\/li>\n<li>D<sup>re<\/sup>\u00a0Sarita Verma<\/li>\n<li>Joy Warkentin<\/li>\n<\/ul>\n<p><em>Remarque : M. John Beaucage est la premi\u00e8re des cinq personnes nomm\u00e9es par le lieutenant-gouverneur g\u00e9n\u00e9ral en conseil.<\/em><\/p>\n<p>Plusieurs membres du conseil d\u2019administration int\u00e9rimaire de l&rsquo;Universit\u00e9 de l&rsquo;EMNO terminent leur mandat. Nous les remercions sinc\u00e8rement de leur engagement en cette p\u00e9riode de transition vers la premi\u00e8re universit\u00e9 autonome de m\u00e9decine du Canada. Merci, thank you, miigwetch \u00e9norm\u00e9ment \u00e0 vous pour votre temps et votre leadership, et \u00e0 tous les membres de la communaut\u00e9 qui ont manifest\u00e9 leur int\u00e9r\u00eat pour si\u00e9ger au tout premier conseil d\u2019administration.<\/p>\n<\/div>\n<p>C\u2019est un moment marquant de notre courte histoire et je me r\u00e9jouis de ce que l\u2019avenir r\u00e9serve \u00e0 notre universit\u00e9 de m\u00e9decine con\u00e7ue sur place.<\/p>\n<p>Nous sommes en train de nous transformer en \u00ab\u00a0universit\u00e9 \u00e9cologique\u00a0\u00bb, une universit\u00e9 respectueuse de l\u2019\u00e9thique profond\u00e9ment consciente de la soci\u00e9t\u00e9 qui l\u2019entoure et en liaison avec elle. Comme les doigts de deux mains qui se croisent, l&rsquo;Universit\u00e9 de l&rsquo;EMNO travaille pour offrir \u00e0 sa population \u00e9tudiante dans tout le Nord de l&rsquo;Ontario des programmes de formation pannordiques, immersifs et r\u00e9put\u00e9s \u00e0 l\u2019\u00e9chelle internationale, jumel\u00e9s \u00e0 un vaste \u00e9ventail de partenariats interd\u00e9pendants qui produiront des solutions locales directement li\u00e9es aux besoins de la soci\u00e9t\u00e9.<\/p>\n<p>Nous sommes au milieu de notre\u00a0<a href=\"https:\/\/nosm.us3.list-manage.com\/track\/click?u=fc05ca9673eac8567682496b2&amp;id=8cd035217d&amp;e=d94af2aab7\" target=\"_blank\" rel=\"noopener\" data-saferedirecturl=\"https:\/\/www.google.com\/url?q=https:\/\/nosm.us3.list-manage.com\/track\/click?u%3Dfc05ca9673eac8567682496b2%26id%3D8cd035217d%26e%3Dd94af2aab7&amp;source=gmail&amp;ust=1669845197665000&amp;usg=AOvVaw2RjEaU_zAHg9AJCRTAmKtV\"><em>Plan strat\u00e9gique, le d\u00e9fi de l&rsquo;Universit\u00e9 de l&rsquo;EMNO<\/em><\/a>,\u00a0un\u00a0parcours marqu\u00e9 par une s\u00e9rie de choix que nous avons faits pour orienter et pr\u00e9parer l\u2019avenir de l\u2019Universit\u00e9, et en bout de ligne pour la population du Nord de l\u2019Ontario. Dans certains cas, nous avons d\u00fb changer de vitesse et faire ainsi des choix audacieux qui sont en premi\u00e8re place dans toutes les mesures.<\/p>\n<p>Nos choix, nos cinq orientations, d\u00e9terminent notre incidence dans le Nord. Nous travaillons strat\u00e9giquement vers un avenir o\u00f9 tout le monde aura un acc\u00e8s \u00e9quitable \u00e0 des praticiens de la sant\u00e9 respectueux de la culture, qui comprennent les r\u00e9alit\u00e9s de la vie dans le Nord rural et \u00e9loign\u00e9 et guident avec compassion et int\u00e9grit\u00e9.<\/p>\n<p>Mon r\u00e9cent rapport,\u00a0<em><a href=\"https:\/\/nosm.us3.list-manage.com\/track\/click?u=fc05ca9673eac8567682496b2&amp;id=3826cff2cc&amp;e=d94af2aab7\" target=\"_blank\" rel=\"noopener\" data-saferedirecturl=\"https:\/\/www.google.com\/url?q=https:\/\/nosm.us3.list-manage.com\/track\/click?u%3Dfc05ca9673eac8567682496b2%26id%3D3826cff2cc%26e%3Dd94af2aab7&amp;source=gmail&amp;ust=1669845197665000&amp;usg=AOvVaw1fpdw-Saokq1rbF9Ui7UNB\">L\u2019avenir est pr\u00eat \u00e0 vous recevoir<\/a><\/em>, fait le point sur nos orientations strat\u00e9giques. Vous vous renseignerez sur nos buts et aspirations, mais surtout, sur le travail que nous accomplissons pour y parvenir.<\/p>\n<p>Merci d\u2019avoir choisi d\u2019investir du temps pour aider l&rsquo;Universit\u00e9 de l&rsquo;EMNO \u00e0 prosp\u00e9rer. Ensemble, en faisant des choix intelligents, audacieux, courageux et ax\u00e9s sur l\u2019avenir, nous changerons pour de bon l\u2019avenir des soins de sant\u00e9 dans le Nord de l&rsquo;Ontario.<\/p>\n<p>En pr\u00e9vision de l\u2019hiver et de notre brillant nouvel avenir, nous sortons nos manteaux et chapeaux, dont certains portent le nouveau logo de l&rsquo;Universit\u00e9 de l&rsquo;EMNO. Si vous d\u00e9sirez acheter votre propre v\u00eatement de l&rsquo;Universit\u00e9 de l&rsquo;EMNO, visitez notre\u00a0<a href=\"https:\/\/nosm.us3.list-manage.com\/track\/click?u=fc05ca9673eac8567682496b2&amp;id=acf9e8f83f&amp;e=d94af2aab7\" target=\"_blank\" rel=\"noopener\" data-saferedirecturl=\"https:\/\/www.google.com\/url?q=https:\/\/nosm.us3.list-manage.com\/track\/click?u%3Dfc05ca9673eac8567682496b2%26id%3Dacf9e8f83f%26e%3Dd94af2aab7&amp;source=gmail&amp;ust=1669845197665000&amp;usg=AOvVaw0FzIMJdSsDZOt229fWfE01\">magasin en ligne<\/a>.<\/p>\n<p>Miigwetch, thank you, marsi, merci,<\/p>\n<p>D<sup>re<\/sup>\u00a0Sarita Verma<br \/>\nRectrice, vice-chanceli\u00e8re, doyenne et PDG<br \/>\nUniversit\u00e9 de l&rsquo;EMNO<\/p>\n<p>Si vous avez des commentaires, envoyez-les \u00e0\u00a0<a href=\"mailto:dean@nosm.ca\" target=\"_blank\" rel=\"noopener\">dean@nosm.ca<\/a> et suivez-moi sur Twitter @ddsv3.<\/p>\n<p><a href=\"https:\/\/nosm.us3.list-manage.com\/track\/click?u=fc05ca9673eac8567682496b2&amp;id=f1b6aa3212&amp;e=d94af2aab7\"><img loading=\"lazy\" decoding=\"async\" class=\"alignnone wp-image-57635 size-full\" src=\"https:\/\/www.nosm.ca\/wp-content\/uploads\/2022\/11\/Screen-Shot-2022-11-29-at-5.03.49-PM.png\" alt=\"\" width=\"229\" height=\"43\" \/><\/a><\/p>\n<hr \/>\n<h1>L\u2019avenir est pr\u00eat \u00e0 vous recevoir<\/h1>\n<p><img loading=\"lazy\" decoding=\"async\" class=\"alignleft wp-image-57096 size-full\" src=\"https:\/\/www.nosm.ca\/wp-content\/uploads\/2022\/11\/Blog-Feature-Image-November_2.jpg\" alt=\"\" width=\"630\" height=\"432\" srcset=\"https:\/\/www.nosm.ca\/wp-content\/uploads\/2022\/11\/Blog-Feature-Image-November_2.jpg 630w, https:\/\/www.nosm.ca\/wp-content\/uploads\/2022\/11\/Blog-Feature-Image-November_2-300x206.jpg 300w\" sizes=\"auto, (max-width: 630px) 100vw, 630px\" \/>Aujourd\u2019hui est Mardi je donne, une journ\u00e9e qui encourage les particuliers \u00e0 faire tout au long de la saison des f\u00eates des dons pour des causes qui leur tiennent \u00e0 c\u0153ur. En cette p\u00e9riode de don, all\u00e9geons la dette de la population \u00e9tudiante de l&rsquo;Universit\u00e9 de l&rsquo;EMNO.<\/p>\n<p>Gr\u00e2ce \u00e0 un don transformateur de 10 millions de dollars de la FDC Foundation, chaque dollar donn\u00e9 \u00e0 l&rsquo;Universit\u00e9 de l&rsquo;EMNO pourrait doubler, ce qui signifie qu\u2019en mobilisant d\u2019autres fonds, nous pourrions recueillir 20 millions de dollars pour l\u2019aide financi\u00e8re \u00e9tudiante.<\/p>\n<p>Couvrir le plus possible les droits de scolarit\u00e9 encouragera\u00a0les \u00e9tudiantes et \u00e9tudiants \u00e0 suivre leur passion pour les soins de sant\u00e9 \u00e0 l&rsquo;Universit\u00e9 de l&rsquo;EMNO, et peut-\u00eatre ensuite, \u00e0 suivre leur c\u0153ur pour retourner exercer chez eux.<\/p>\n<p><a href=\"https:\/\/future.nosm.ca\/fr\/\"><img loading=\"lazy\" decoding=\"async\" class=\"alignnone wp-image-57517 size-full\" src=\"https:\/\/www.nosm.ca\/wp-content\/uploads\/2022\/11\/Je-Veux-Faire-Une-Difference.png\" alt=\"\" width=\"600\" height=\"100\" srcset=\"https:\/\/www.nosm.ca\/wp-content\/uploads\/2022\/11\/Je-Veux-Faire-Une-Difference.png 600w, https:\/\/www.nosm.ca\/wp-content\/uploads\/2022\/11\/Je-Veux-Faire-Une-Difference-300x50.png 300w\" sizes=\"auto, (max-width: 600px) 100vw, 600px\" \/><\/a><\/p>\n<p>&nbsp;<\/p>\n<hr \/>\n<p><img loading=\"lazy\" decoding=\"async\" class=\"size-full wp-image-57636 alignnone\" src=\"https:\/\/www.nosm.ca\/wp-content\/uploads\/2022\/11\/unnamed-25.jpg\" alt=\"\" width=\"1024\" height=\"325\" srcset=\"https:\/\/www.nosm.ca\/wp-content\/uploads\/2022\/11\/unnamed-25.jpg 1024w, https:\/\/www.nosm.ca\/wp-content\/uploads\/2022\/11\/unnamed-25-300x95.jpg 300w, https:\/\/www.nosm.ca\/wp-content\/uploads\/2022\/11\/unnamed-25-768x244.jpg 768w\" sizes=\"auto, (max-width: 1024px) 100vw, 1024px\" \/><\/p>\n<h2>L\u2019Ontario College of Family Physicians honore des membres du corps professoral et de la population \u00e9tudiante<\/h2>\n<p>F\u00e9licitations aux\u00a0D<sup>rs<\/sup>\u00a0Anjali Oberai et Adam Moir, professeurs agr\u00e9g\u00e9s, et \u00e0 Joclyn Hron, \u00e9tudiante en quatri\u00e8me ann\u00e9e \u00e0 l\u2019#Universit\u00e9EMNO, auxquels l\u2019Ontario College of Family Physiciens a r\u00e9cemment rendu hommage. La D<sup>re<\/sup>Oberai est la laur\u00e9ate du Prix du m\u00e9decin de famille de l\u2019ann\u00e9e Reg L. Perkin du Coll\u00e8ge des m\u00e9decins de famille du Canada et du Prix r\u00e9gional du m\u00e9decin de famille de l\u2019ann\u00e9e pour la r\u00e9gion 1 \u2013 Nord-Est et Nord-Ouest de l\u2019OCFP.\u00a0Le D<sup>r<\/sup>\u00a0Moir a \u00e9t\u00e9 nomm\u00e9 \u00c9ducateur communautaire de l\u2019ann\u00e9e, et\u00a0Joclyn a re\u00e7u le 2022 Medical Student of the Year Award. Le Coll\u00e8ge des m\u00e9decins de famille du Canada a d\u00e9cern\u00e9 la Bourse d\u2019\u00e9tudes du CMFC pour les \u00e9tudiants en m\u00e9decine familiale \u00e0 Logan Brennan et la Bourse pour les r\u00e9sidents en m\u00e9decine familiale au D<sup>r<\/sup>\u00a0Shane Szalai.<\/p>\n<p><img decoding=\"async\" class=\"an1\" src=\"https:\/\/fonts.gstatic.com\/s\/e\/notoemoji\/15.0\/1f389\/32.png\" alt=\"&#x1f389;\" data-emoji=\"&#x1f389;\" aria-label=\"&#x1f389;\" \/><a href=\"https:\/\/nosm.us3.list-manage.com\/track\/click?u=fc05ca9673eac8567682496b2&amp;id=3e18fa0791&amp;e=d94af2aab7\" target=\"_blank\" rel=\"noopener\" data-saferedirecturl=\"https:\/\/www.google.com\/url?q=https:\/\/nosm.us3.list-manage.com\/track\/click?u%3Dfc05ca9673eac8567682496b2%26id%3D3e18fa0791%26e%3Dd94af2aab7&amp;source=gmail&amp;ust=1669845197665000&amp;usg=AOvVaw1sKYfrdh9pQNf85RPzP-LO\">R\u00e9cipiendaires\u00a0des Prix de 2022<\/a><\/p>\n<p>La D<sup>re<\/sup>\u00a0Oberai a r\u00e9cemment parl\u00e9 \u00e0 CBC Radio de son prix du m\u00e9decin de famille de l\u2019ann\u00e9e, de sa passion pour la m\u00e9decine familiale rurale et du parcours qui l\u2019a amen\u00e9e \u00e0 Wawa.<\/p>\n<p><img decoding=\"async\" class=\"an1\" src=\"https:\/\/fonts.gstatic.com\/s\/e\/notoemoji\/15.0\/1f389\/32.png\" alt=\"&#x1f389;\" data-emoji=\"&#x1f389;\" aria-label=\"&#x1f389;\" \/><a href=\"https:\/\/nosm.us3.list-manage.com\/track\/click?u=fc05ca9673eac8567682496b2&amp;id=b7e7bec069&amp;e=d94af2aab7\" target=\"_blank\" rel=\"noopener\" data-saferedirecturl=\"https:\/\/www.google.com\/url?q=https:\/\/nosm.us3.list-manage.com\/track\/click?u%3Dfc05ca9673eac8567682496b2%26id%3Db7e7bec069%26e%3Dd94af2aab7&amp;source=gmail&amp;ust=1669845197665000&amp;usg=AOvVaw32Yqr82H1GduqRYql4OTbS\">M\u00e9decin de Wawa a \u00e9t\u00e9 nomm\u00e9e la M\u00e9decin de famille de l&rsquo;ann\u00e9ee<\/a><\/p>\n<p>&nbsp;<\/p>\n<p>&nbsp;<\/p>","protected":false},"excerpt":{"rendered":"<p>Cette premi\u00e8re chute de neige donne un aper\u00e7u d\u2019un des aspects les lus importants des saisons\u00a0: le changement. Et de grands changement se sont produits \u00e0 l&rsquo;Universit\u00e9 de l&rsquo;EMNO. Jeudi dernier fut une journ\u00e9e monumentale. Plus de 400 personnes se sont jointes \u00e0 nous en personne et en ligne lorsque Mme Joy Warkentin, la nouvelle &hellip; <a href=\"https:\/\/www.nosm.ca\/fr\/2022\/11\/29\/a-season-of-change-and-giving\/\" class=\"more-link\">Continue reading <span class=\"screen-reader-text\">Une saison de changement et de don<\/span> <span class=\"meta-nav\">&rarr;<\/span><\/a><\/p>\n","protected":false},"author":16,"featured_media":0,"comment_status":"closed","ping_status":"closed","sticky":false,"template":"","format":"standard","meta":{"_acf_changed":false,"footnotes":""},"categories":[167,1],"tags":[],"class_list":["post-57630","post","type-post","status-publish","format-standard","hentry","category-dean","category-uncategorized"],"acf":[],"_links":{"self":[{"href":"https:\/\/www.nosm.ca\/fr\/wp-json\/wp\/v2\/posts\/57630","targetHints":{"allow":["GET"]}}],"collection":[{"href":"https:\/\/www.nosm.ca\/fr\/wp-json\/wp\/v2\/posts"}],"about":[{"href":"https:\/\/www.nosm.ca\/fr\/wp-json\/wp\/v2\/types\/post"}],"author":[{"embeddable":true,"href":"https:\/\/www.nosm.ca\/fr\/wp-json\/wp\/v2\/users\/16"}],"replies":[{"embeddable":true,"href":"https:\/\/www.nosm.ca\/fr\/wp-json\/wp\/v2\/comments?post=57630"}],"version-history":[{"count":3,"href":"https:\/\/www.nosm.ca\/fr\/wp-json\/wp\/v2\/posts\/57630\/revisions"}],"predecessor-version":[{"id":57638,"href":"https:\/\/www.nosm.ca\/fr\/wp-json\/wp\/v2\/posts\/57630\/revisions\/57638"}],"wp:attachment":[{"href":"https:\/\/www.nosm.ca\/fr\/wp-json\/wp\/v2\/media?parent=57630"}],"wp:term":[{"taxonomy":"category","embeddable":true,"href":"https:\/\/www.nosm.ca\/fr\/wp-json\/wp\/v2\/categories?post=57630"},{"taxonomy":"post_tag","embeddable":true,"href":"https:\/\/www.nosm.ca\/fr\/wp-json\/wp\/v2\/tags?post=57630"}],"curies":[{"name":"wp","href":"https:\/\/api.w.org\/{rel}","templated":true}]}}