{"id":50438,"date":"2022-04-14T13:57:03","date_gmt":"2022-04-14T17:57:03","guid":{"rendered":"https:\/\/www.nosm.ca\/?p=50438"},"modified":"2022-04-14T13:57:03","modified_gmt":"2022-04-14T17:57:03","slug":"youre-invited-deans-lecture-series-2022","status":"publish","type":"post","link":"https:\/\/www.nosm.ca\/fr\/2022\/04\/14\/youre-invited-deans-lecture-series-2022\/","title":{"rendered":"Invitation \u00e0 la s\u00e9rie de conf\u00e9rences de la doyenne de 2022"},"content":{"rendered":"<p>La D<sup>re<\/sup> Sarita Verma, rectrice et vice-chanceli\u00e8re de l&rsquo;Universit\u00e9 de l&rsquo;EMNO, vous invite \u00e0 la S\u00e9rie annuelle de conf\u00e9rences de la doyenne, une activit\u00e9 dirig\u00e9e par des \u00e9tudiantes et \u00e9tudiants. Pour c\u00e9l\u00e9brer le Jour de la Terre <em>et<\/em> parce que l&rsquo;Universit\u00e9 de l&rsquo;EMNO met cette ann\u00e9e l\u2019accent sur le changement climatique et la justice sociale, le th\u00e8me est <em>Responsabilit\u00e9 et viabilit\u00e9 environnementales en m\u00e9decine et en formation en m\u00e9decine<\/em>.<\/p>\n<p>\u00c9coutez en direct sur YouTube les perspectives de notre groupe dynamique de conf\u00e9renci\u00e8res et conf\u00e9renciers de tout le pays sur l\u2019importance de la sant\u00e9 de la plan\u00e8te.<\/p>\n<h3><strong>24 avril 2022<\/strong><br \/>\n<strong>15 h \u2013 17 HNE<\/strong><\/h3>\n<p>https:\/\/www.youtube.com\/watch?v=6kwqJkMA-eA<\/p>","protected":false},"excerpt":{"rendered":"<p>La Dre Sarita Verma, rectrice et vice-chanceli\u00e8re de l&rsquo;Universit\u00e9 de l&rsquo;EMNO, vous invite \u00e0 la S\u00e9rie annuelle de conf\u00e9rences de la doyenne, une activit\u00e9 dirig\u00e9e par des \u00e9tudiantes et \u00e9tudiants. Pour c\u00e9l\u00e9brer le Jour de la Terre et parce que l&rsquo;Universit\u00e9 de l&rsquo;EMNO met cette ann\u00e9e l\u2019accent sur le changement climatique et la justice sociale, &hellip; <a href=\"https:\/\/www.nosm.ca\/fr\/2022\/04\/14\/youre-invited-deans-lecture-series-2022\/\" class=\"more-link\">Continue reading <span class=\"screen-reader-text\">Invitation \u00e0 la s\u00e9rie de conf\u00e9rences de la doyenne de 2022<\/span> <span class=\"meta-nav\">&rarr;<\/span><\/a><\/p>\n","protected":false},"author":313,"featured_media":0,"comment_status":"closed","ping_status":"closed","sticky":false,"template":"","format":"standard","meta":{"_acf_changed":false,"footnotes":""},"categories":[16],"tags":[],"class_list":["post-50438","post","type-post","status-publish","format-standard","hentry","category-spotlight"],"acf":[],"_links":{"self":[{"href":"https:\/\/www.nosm.ca\/fr\/wp-json\/wp\/v2\/posts\/50438","targetHints":{"allow":["GET"]}}],"collection":[{"href":"https:\/\/www.nosm.ca\/fr\/wp-json\/wp\/v2\/posts"}],"about":[{"href":"https:\/\/www.nosm.ca\/fr\/wp-json\/wp\/v2\/types\/post"}],"author":[{"embeddable":true,"href":"https:\/\/www.nosm.ca\/fr\/wp-json\/wp\/v2\/users\/313"}],"replies":[{"embeddable":true,"href":"https:\/\/www.nosm.ca\/fr\/wp-json\/wp\/v2\/comments?post=50438"}],"version-history":[{"count":2,"href":"https:\/\/www.nosm.ca\/fr\/wp-json\/wp\/v2\/posts\/50438\/revisions"}],"predecessor-version":[{"id":50441,"href":"https:\/\/www.nosm.ca\/fr\/wp-json\/wp\/v2\/posts\/50438\/revisions\/50441"}],"wp:attachment":[{"href":"https:\/\/www.nosm.ca\/fr\/wp-json\/wp\/v2\/media?parent=50438"}],"wp:term":[{"taxonomy":"category","embeddable":true,"href":"https:\/\/www.nosm.ca\/fr\/wp-json\/wp\/v2\/categories?post=50438"},{"taxonomy":"post_tag","embeddable":true,"href":"https:\/\/www.nosm.ca\/fr\/wp-json\/wp\/v2\/tags?post=50438"}],"curies":[{"name":"wp","href":"https:\/\/api.w.org\/{rel}","templated":true}]}}