{"id":33587,"date":"2020-08-31T15:50:07","date_gmt":"2020-08-31T19:50:07","guid":{"rendered":"https:\/\/www.nosm.ca\/?p=33587"},"modified":"2020-08-31T15:50:07","modified_gmt":"2020-08-31T19:50:07","slug":"off-and-running-2","status":"publish","type":"post","link":"https:\/\/www.nosm.ca\/fr\/2020\/08\/31\/off-and-running-2\/","title":{"rendered":"C\u2019est parti!"},"content":{"rendered":"<p><\/p>\n<h2><strong>Bonjour. Hello. Aaniin. Boozhoo.<\/strong><\/h2>\n<p>C\u2019est avec grand enthousiasme que j\u2019entreprends cette semaine mes fonctions de doyenne et PDG de l&rsquo;\u00c9cole de m\u00e9decine du Nord de l&rsquo;Ontario (EMNO). Merci pour les nombreux messages de bienvenue et les bons v\u0153ux que j\u2019ai re\u00e7us ces derniers mois. Je me r\u00e9jouis de vous rencontrer si ce n\u2019est pas d\u00e9j\u00e0 fait.<\/p>\n<hr \/>\n<h2>\u00c0 mon sujet<\/h2>\n<p>Je suis une fi\u00e8re canadienne, troisi\u00e8me enfant d\u2019une immigrante, m\u00e8re c\u00e9libataire de Delhi, Inde. Influenc\u00e9e par la lutte pour se lib\u00e9rer du colonialisme britannique et par le mouvement pacifique de Gandhi, ma m\u00e8re nous a \u00e9lev\u00e9s pour \u00eatre de bons citoyens et pour servir notre communaut\u00e9, et nous a inculqu\u00e9 de solides valeurs, notamment l\u2019honn\u00eatet\u00e9, la bont\u00e9 et la transparence.<\/p>\n<p>J\u2019esp\u00e8re que vous verrez ces valeurs dans mon travail \u00e0 l&rsquo;EMNO o\u00f9, je souhaite qu\u2019ensemble, nous \u00e9tablirons une culture de compassion, d\u2019attention et de compr\u00e9hension culturelle. Ensemble aussi, nous continuerons de renforcer les acquis des 15 derni\u00e8res ann\u00e9es et de r\u00e9aliser notre vision de Formation et recherche novatrices pour l\u2019am\u00e9lioration de la sant\u00e9 dans le Nord.<\/p>\n<p>Je pense que notre programme d\u2019action est ambitieux mais important. En plus d\u2019avoir une pr\u00e9sence visible \u00e0 Sudbury et \u00e0 Thunder Bay, je communiquerai tout d\u2019abord avec tous les partenaires et communaut\u00e9s de l&rsquo;EMNO. Je m\u2019engage \u00e0 visiter le plus possible des 90\u00a0communaut\u00e9s au cours de mes deux premi\u00e8res ann\u00e9es \u00e0 l&rsquo;EMNO.<\/p>\n<p>Dans ce blogue, j\u2019ai l\u2019intention de vous donner r\u00e9guli\u00e8rement une id\u00e9e de mes all\u00e9es et venues, de ce que j\u2019ai fait, et de souligner les sujets et possibilit\u00e9s du moment ainsi que les d\u00e9fis \u00e0 relever. Je ferai de mon mieux pour qu\u2019il soit int\u00e9ressant, informatif et passionnant. Il sera envoy\u00e9 toutes les deux semaines par courrier \u00e9lectronique et affich\u00e9 sur le site Web de l&rsquo;EMNO at\u00a0<a href=\"https:\/\/www.nosm.ca\/dean\">nosm.ca\/dean<\/a>.<\/p>\n<p>Je vous invite aussi \u00e0 me suivre sur Twitter @ddsv3 en utilisant #OuEstDreVerma. Accompagnez-moi dans ma d\u00e9couverte du Nord glorieux, de votre r\u00f4le et des lieux o\u00f9 l&rsquo;EMNO vit.<\/p>\n<p>Si vous avez des commentaires ou des id\u00e9es sur la fa\u00e7on de mieux communiquer avec vous, \u00e9crivez-moi \u00e0\u00a0<a href=\"mailto:dean@nosm.ca\">dean@nosm.ca<\/a>\u00a0ou r\u00e9pondez \u00e0 un\u00a0<a href=\"https:\/\/nosm.eu.qualtrics.com\/jfe\/form\/SV_2rB8QzipXakIiDX\" target=\"_blank\" rel=\"noopener noreferrer\">court sondage ici<\/a>\u00a0en tout temps.<\/p>\n<p><iframe loading=\"lazy\" title=\"Northern Routes: July 2, 2019\" width=\"474\" height=\"267\" src=\"https:\/\/www.youtube.com\/embed\/xct5WetkhU4?feature=oembed\" frameborder=\"0\" allow=\"accelerometer; autoplay; clipboard-write; encrypted-media; gyroscope; picture-in-picture; web-share\" referrerpolicy=\"strict-origin-when-cross-origin\" allowfullscreen><\/iframe><\/p>\n<hr \/>\n<h2>Planification strat\u00e9gique<\/h2>\n<p>Nous avons l\u2019intention d\u2019investir consid\u00e9rablement de temps et d\u2019\u00e9nergie dans la mise en \u0153uvre de la derni\u00e8re ann\u00e9e de D\u00e9passer l\u2019extraordinaire ensemble \u2013 Le plan strat\u00e9gique de l&rsquo;EMNO pour 2015-2020, et dans l\u2019amorce du plan strat\u00e9gique pour 2021-2026. \u00c0 cette fin, vous pouvez vous attendre \u00e0 voir l\u2019\u00e9quipe de l&rsquo;EMNO organiser des rencontres publiques, des s\u00e9ances \u00e0 micros ouverts et \u00e0 des consultations communautaires.<\/p>\n<p>Nous voulons conna\u00eetre ce que vous pensez et la voie que l&rsquo;EMNO devrait suivre. Je vous encourage \u00e0 partager vos id\u00e9es audacieuses pour les cinq \u00e0 dix prochaines ann\u00e9es. J&rsquo;ai la ferme intention de veiller \u00e0 ce que la vision et le prochain plan strat\u00e9gique de l&rsquo;EMNO appartiennent \u00e0 nous tous et que nous les \u00e9tablissions ensemble. Nous partagerons la responsabilit\u00e9 de veiller \u00e0 ce que nos aspirations soient satisfaites.<\/p>\n<h2>Responsabilit\u00e9 sociale<\/h2>\n<p>Une priorit\u00e9 sera de revoir la signification de \u00ab\u00a0responsabilit\u00e9 sociale\u00a0\u00bb. Que signifie \u00ab\u00a0\u00eatre socialement responsable\u00a0\u00bb envers les communaut\u00e9s de l&rsquo;EMNO? Atteignons-nous ce but en formant davantage de m\u00e9decins? Si la production de m\u00e9decins pour le Nord est une priorit\u00e9, nous devons aussi nous efforcer de reconcevoir les soins de sant\u00e9 de mani\u00e8re novatrice et unique l\u00e0 o\u00f9 les services de sant\u00e9 sont inaccessibles.<\/p>\n<h2>L\u2019avenir de l\u2019innovation en sant\u00e9<\/h2>\n<p>L\u2019avenir de l\u2019innovation en sant\u00e9, de la sant\u00e9 \u00e0 l\u2019heure du num\u00e9rique et de la formation moderne en m\u00e9decine est un sujet cl\u00e9. Je vous exhorte \u00e0 penser aux possibilit\u00e9s infinies\u00a0: intelligence artificielle, Apple iMed, Google Doc et FiBit Care. Peut-\u00eatre que ces innovations ne fournissent pas encore de \u00ab\u00a0vrais\u00a0\u00bb soins de sant\u00e9, mais je parie qu\u2019elles le feront bient\u00f4t. Cela dit, la formation des professionnels de la sant\u00e9, surtout des m\u00e9decins, devra \u00e9voluer et changer, tout comme notre notion du succ\u00e8s de la prestation des soins directs de sant\u00e9 aux patients et communaut\u00e9s.<\/p>\n<h2>Mener la formation et la recherche<\/h2>\n<p>J\u2019esp\u00e8re que nous continuerons de faire grandir l&rsquo;EMNO. Nous faisons d\u00e9j\u00e0 partie des grandes \u00e9coles de m\u00e9decine du Canada. L\u2019EMNO est r\u00e9put\u00e9e dans le monde entier pour ses mod\u00e8les novateurs de prestation de soins en milieu rural. Continuons de renforcer notre r\u00e9putation d\u2019\u00e9cole de m\u00e9decine de premier ordre et de la faire reconna\u00eetre comme la premi\u00e8re (ou du moins dans les trois premi\u00e8res) \u00e9cole d\u2019excellence en m\u00e9decine pour le Nord, les Autochtones, les francophones et les collectivit\u00e9s rurales et \u00e9loign\u00e9es, ainsi que pour ses mod\u00e8les novateurs de formation et de recherche de pointe fond\u00e9e sur la population.<\/p>\n<p>Nous continuerons de former de magnifiques cliniciens, de cr\u00e9er des connaissances, de g\u00e9n\u00e9rer de nouveaux revenus et d\u2019am\u00e9liorer les r\u00e9sultats pour la sant\u00e9 de la population du Nord de l&rsquo;Ontario en d\u00e9fendant ses int\u00e9r\u00eats, en exer\u00e7ant du leadership et en prouvant notre excellence.<\/p>\n<h2>\u00c9quit\u00e9, diversit\u00e9 et inclusivit\u00e9<\/h2>\n<p>Alors que nous continuerons de tirer parti de notre \u00e9lan et de notre r\u00e9putation, la population \u00e9tudiante, le corps professoral, le personnel, les partenaires, les communaut\u00e9s et la population du Nord de l&rsquo;Ontario, qui sont aussi nos ambassadeurs, constateront fi\u00e8rement notre travail. L\u2019EMNO veut devenir une riche tapisserie du Nord qui illustre ses cultures et populations uniques. Ici, toutes les voix seront respect\u00e9es au nom de l\u2019\u00e9quit\u00e9, de la diversit\u00e9 et de l\u2019inclusivit\u00e9.<\/p>\n<hr \/>\n<p>Mon but est d\u2019\u00eatre une doyenne accessible, surtout pour la population \u00e9tudiante, le personnel et le corps professoral. \u00c9tant donn\u00e9 que nos membres sont tr\u00e8s dispers\u00e9s, contrairement aux autres \u00e9coles, il est difficile de simplement faire une petite visite en passant. Par cons\u00e9quent, j\u2019esp\u00e8re vous voir au cours de mes voyages dans le Nord de l&rsquo;Ontario. De plus, je pr\u00e9vois de rencontrer ceux et celles qui vivent \u00e0 Sudbury et \u00e0 Thunder Bay (o\u00f9 je partagerai mon temps) en organisant r\u00e9guli\u00e8rement des \u00ab\u00a0visites libres\u00a0\u00bb. Je vous invite \u00e0 vous joindre \u00e0 moi pour la premi\u00e8re S\u00e9ance d\u2019accueil qui aura lieu aux endroits suivants\u00a0:<\/p>\n<table style=\"border-collapse: collapse;width: 44.6325%;height: 147px\">\n<tbody>\n<tr style=\"height: 69px\">\n<td><strong>EMNO \u00e0 l&rsquo;University Laurentienne<\/strong><br \/>\n9 juillet 2019<br \/>\n10 h \u2013 11 h 30<\/td>\n<td><strong>EMNO \u00e0 la Lakehead University<\/strong><br \/>\n18 juillet 2019<br \/>\n10 h \u2013 11 h 30<\/td>\n<\/tr>\n<tr style=\"height: 96px\">\n<td><strong>HSERC 109<\/strong><br \/>\n935 Chemin du lac Ramsey<br \/>\nSudbury, Ontario<br \/>\nP3E 2C6<\/td>\n<td><strong>BSC \u2013 Entr\u00e9e<\/strong><br \/>\n955 chemin Oliver<br \/>\nThunder Bay, Ontario<br \/>\nP7B 5E1<\/td>\n<\/tr>\n<\/tbody>\n<\/table>\n<p style=\"padding-left: 120px\"><strong><em>Et voil\u00e0, c\u2019est parti!<\/em><\/strong><\/p>\n<hr \/>\n<hr \/>\n<h2><img loading=\"lazy\" decoding=\"async\" class=\"alignnone size-medium wp-image-33613\" src=\"https:\/\/www.nosm.ca\/wp-content\/uploads\/2020\/08\/Le-mot-300x73.jpg\" alt=\"\" width=\"300\" height=\"73\" srcset=\"https:\/\/www.nosm.ca\/wp-content\/uploads\/2020\/08\/Le-mot-300x73.jpg 300w, https:\/\/www.nosm.ca\/wp-content\/uploads\/2020\/08\/Le-mot.jpg 750w\" sizes=\"auto, (max-width: 300px) 100vw, 300px\" \/><\/h2>\n<h2>L\u2019imputabilit\u00e9 sociale<\/h2>\n<p>L\u2019EMNO souscrit \u00e0 la d\u00e9finition de l\u2019imputabilit\u00e9 sociale des \u00e9coles de m\u00e9decine pr\u00e9conis\u00e9e par l\u2019Organisation mondiale de la sant\u00e9 (OMS) : \u00ab [Les \u00e9coles de m\u00e9decine ont] l\u2019obligation d\u2019orienter l\u2019\u00e9ducation, la recherche et les activit\u00e9s de services pour r\u00e9pondre aux besoins de sant\u00e9 prioritaires de la collectivit\u00e9, de la r\u00e9gion et\/ou de la nation qu\u2019elles ont le mandat de servir. Les besoins de sant\u00e9 prioritaires doivent \u00eatre identifi\u00e9s conjointement par les gouvernements, les organisations de soins de sant\u00e9, les professionnels de la sant\u00e9 et le public \u00bb. Dans le cadre de son imputabilit\u00e9 sociale, l\u2019EMNO se doit de faire appel \u00e0 tous les intervenants de tous les niveaux de sa vaste communaut\u00e9.<\/p>","protected":false},"excerpt":{"rendered":"<p>Bonjour. Hello. Aaniin. Boozhoo. C\u2019est avec grand enthousiasme que j\u2019entreprends cette semaine mes fonctions de doyenne et PDG de l&rsquo;\u00c9cole de m\u00e9decine du Nord de l&rsquo;Ontario (EMNO). Merci pour les nombreux messages de bienvenue et les bons v\u0153ux que j\u2019ai re\u00e7us ces derniers mois. Je me r\u00e9jouis de vous rencontrer si ce n\u2019est pas d\u00e9j\u00e0 &hellip; <a href=\"https:\/\/www.nosm.ca\/fr\/2020\/08\/31\/off-and-running-2\/\" class=\"more-link\">Continue reading <span class=\"screen-reader-text\">C\u2019est parti!<\/span> <span class=\"meta-nav\">&rarr;<\/span><\/a><\/p>\n","protected":false},"author":16,"featured_media":0,"comment_status":"closed","ping_status":"closed","sticky":false,"template":"","format":"standard","meta":{"_acf_changed":false,"footnotes":""},"categories":[1],"tags":[],"class_list":["post-33587","post","type-post","status-publish","format-standard","hentry","category-uncategorized"],"acf":[],"_links":{"self":[{"href":"https:\/\/www.nosm.ca\/fr\/wp-json\/wp\/v2\/posts\/33587","targetHints":{"allow":["GET"]}}],"collection":[{"href":"https:\/\/www.nosm.ca\/fr\/wp-json\/wp\/v2\/posts"}],"about":[{"href":"https:\/\/www.nosm.ca\/fr\/wp-json\/wp\/v2\/types\/post"}],"author":[{"embeddable":true,"href":"https:\/\/www.nosm.ca\/fr\/wp-json\/wp\/v2\/users\/16"}],"replies":[{"embeddable":true,"href":"https:\/\/www.nosm.ca\/fr\/wp-json\/wp\/v2\/comments?post=33587"}],"version-history":[{"count":24,"href":"https:\/\/www.nosm.ca\/fr\/wp-json\/wp\/v2\/posts\/33587\/revisions"}],"predecessor-version":[{"id":33617,"href":"https:\/\/www.nosm.ca\/fr\/wp-json\/wp\/v2\/posts\/33587\/revisions\/33617"}],"wp:attachment":[{"href":"https:\/\/www.nosm.ca\/fr\/wp-json\/wp\/v2\/media?parent=33587"}],"wp:term":[{"taxonomy":"category","embeddable":true,"href":"https:\/\/www.nosm.ca\/fr\/wp-json\/wp\/v2\/categories?post=33587"},{"taxonomy":"post_tag","embeddable":true,"href":"https:\/\/www.nosm.ca\/fr\/wp-json\/wp\/v2\/tags?post=33587"}],"curies":[{"name":"wp","href":"https:\/\/api.w.org\/{rel}","templated":true}]}}