{"id":13357,"date":"2018-06-11T14:30:29","date_gmt":"2018-06-11T18:30:29","guid":{"rendered":"https:\/\/wp.nosm.ca\/?p=13357"},"modified":"2018-07-13T16:28:21","modified_gmt":"2018-07-13T20:28:21","slug":"save-the-date-northern-constellations-2019","status":"publish","type":"post","link":"https:\/\/www.nosm.ca\/fr\/2018\/06\/11\/save-the-date-northern-constellations-2019\/","title":{"rendered":"Constellations du Nord 2019"},"content":{"rendered":"<p>3 et 4 mai, Sudbury (Ontario)<\/p>\n<p>L&rsquo;\u00c9cole de m\u00e9decine du Nord de l&rsquo;Ontario tiendra sa 8<sup>e<\/sup> conf\u00e9rence annuelle de perfectionnement du corps professoral, <em>Constellations du Nord<\/em>, les 3 et 4 mai 2019 \u00e0 Sudbury (Ontario).<\/p>\n<p>Des membres du corps professoral provenant de tout le Nord de l&rsquo;Ontario assisteront pendant deux jours \u00e0 un vaste \u00e9ventail d\u2019ateliers novateurs et interactifs con\u00e7us pour r\u00e9pondre aux besoins individuels d\u2019apprentissage de chaque membre du corps professoral. Ces ateliers seront pour le corps professoral des occasions de parler de ses exp\u00e9riences et des d\u00e9fis qu\u2019il rencontre, mais aussi d\u2019am\u00e9liorer des comp\u00e9tences particuli\u00e8res en enseignement et pr\u00e9ceptorat, en leadership \u00e9ducationnel et administratif, et en mati\u00e8re d\u2019activit\u00e9s savantes et de recherche.<\/p>\n<p>Des renseignements sur les <em>Constellations du Nord<\/em> pr\u00e9c\u00e9dentes se trouvent <a href=\"https:\/\/www.nosm.ca\/education\/cepd\/northern-constellations\/northern-constellations-2018\/\">ici<\/a>.<\/p>","protected":false},"excerpt":{"rendered":"<p>3 et 4 mai, Sudbury (Ontario) L&rsquo;\u00c9cole de m\u00e9decine du Nord de l&rsquo;Ontario tiendra sa 8e conf\u00e9rence annuelle de perfectionnement du corps professoral, Constellations du Nord, les 3 et 4 mai 2019 \u00e0 Sudbury (Ontario). Des membres du corps professoral provenant de tout le Nord de l&rsquo;Ontario assisteront pendant deux jours \u00e0 un vaste \u00e9ventail &hellip; <a href=\"https:\/\/www.nosm.ca\/fr\/2018\/06\/11\/save-the-date-northern-constellations-2019\/\" class=\"more-link\">Continue reading <span class=\"screen-reader-text\">Constellations du Nord 2019<\/span> <span class=\"meta-nav\">&rarr;<\/span><\/a><\/p>\n","protected":false},"author":16,"featured_media":8367,"comment_status":"open","ping_status":"open","sticky":false,"template":"","format":"standard","meta":{"_acf_changed":false,"footnotes":""},"categories":[81,88,5],"tags":[],"class_list":["post-13357","post","type-post","status-publish","format-standard","has-post-thumbnail","hentry","category-homepage-news","category-media-release","category-news"],"acf":[],"_links":{"self":[{"href":"https:\/\/www.nosm.ca\/fr\/wp-json\/wp\/v2\/posts\/13357","targetHints":{"allow":["GET"]}}],"collection":[{"href":"https:\/\/www.nosm.ca\/fr\/wp-json\/wp\/v2\/posts"}],"about":[{"href":"https:\/\/www.nosm.ca\/fr\/wp-json\/wp\/v2\/types\/post"}],"author":[{"embeddable":true,"href":"https:\/\/www.nosm.ca\/fr\/wp-json\/wp\/v2\/users\/16"}],"replies":[{"embeddable":true,"href":"https:\/\/www.nosm.ca\/fr\/wp-json\/wp\/v2\/comments?post=13357"}],"version-history":[{"count":15,"href":"https:\/\/www.nosm.ca\/fr\/wp-json\/wp\/v2\/posts\/13357\/revisions"}],"predecessor-version":[{"id":17757,"href":"https:\/\/www.nosm.ca\/fr\/wp-json\/wp\/v2\/posts\/13357\/revisions\/17757"}],"wp:featuredmedia":[{"embeddable":true,"href":"https:\/\/www.nosm.ca\/fr\/wp-json\/wp\/v2\/media\/8367"}],"wp:attachment":[{"href":"https:\/\/www.nosm.ca\/fr\/wp-json\/wp\/v2\/media?parent=13357"}],"wp:term":[{"taxonomy":"category","embeddable":true,"href":"https:\/\/www.nosm.ca\/fr\/wp-json\/wp\/v2\/categories?post=13357"},{"taxonomy":"post_tag","embeddable":true,"href":"https:\/\/www.nosm.ca\/fr\/wp-json\/wp\/v2\/tags?post=13357"}],"curies":[{"name":"wp","href":"https:\/\/api.w.org\/{rel}","templated":true}]}}